{"id":23311,"date":"2022-11-17T14:09:32","date_gmt":"2022-11-17T14:09:32","guid":{"rendered":"https:\/\/szigja.hu\/2021\/?p=23311"},"modified":"2022-11-18T05:42:41","modified_gmt":"2022-11-18T05:42:41","slug":"marton-nap-2022","status":"publish","type":"post","link":"https:\/\/szigja.hu\/2021\/2022\/11\/17\/marton-nap-2022\/","title":{"rendered":"M\u00e1rton nap 2022"},"content":{"rendered":"<p>[et_pb_section fb_built=&#8221;1&#8243; _builder_version=&#8221;4.13.0&#8243; _module_preset=&#8221;default&#8221; global_colors_info=&#8221;{}&#8221;][et_pb_row _builder_version=&#8221;4.13.0&#8243; _module_preset=&#8221;default&#8221; global_colors_info=&#8221;{}&#8221;][et_pb_column type=&#8221;4_4&#8243; _builder_version=&#8221;4.13.0&#8243; _module_preset=&#8221;default&#8221; global_colors_info=&#8221;{}&#8221;][et_pb_text _builder_version=&#8221;4.13.1&#8243; _module_preset=&#8221;default&#8221; global_colors_info=&#8221;{}&#8221;]<\/p>\n<p>November 11-\u00e9n Szent M\u00e1rtonra eml\u00e9kezve tartottuk a l\u00e1mp\u00e1sos felvonul\u00e1sunkat, amelyet az elm\u00falt \u00e9vekben a v\u00edrushelyzet miatt nem tudtunk megszervezni. A fels\u0151s, v\u00e1llalkoz\u00f3 szellem\u0171 gyerekekkel egy\u00fctt k\u00e9sz\u00fclt\u00fcnk a felvonul\u00e1st k\u00f6vet\u0151 vend\u00e9gl\u00e1t\u00e1sra. J\u00f3 kedvvel dolgoztunk egy\u00fctt, ahogyan k\u00e9sz\u00edtett\u00fck el\u0151 a vil\u00e1g\u00edt\u00e1st, a zs\u00edros kenyeret, a te\u00e1t, a t\u00fczet. A sz\u00fcl\u0151k finom s\u00fctem\u00e9nyekkel \u00e9s v\u00e1s\u00e1rl\u00e1ssal t\u00e1mogatt\u00e1k a j\u00f3t\u00e9konys\u00e1gi s\u00fctiv\u00e1s\u00e1rt, felaj\u00e1nl\u00e1saikkal t\u00e1mogatt\u00e1k az iskol\u00e1t. Az als\u00f3s gyerekek sz\u00fcleikkel \u00e9s testv\u00e9reikkel vonultak, a kis eg\u00e9szs\u00e9g\u0151r\u00f6k fel\u00fcgyelete alatt.<\/p>\n<p>Nagy iskol\u00e1ban a h\u00e9ten m\u00e1r hangol\u00f3dtunk a M\u00e1rton nap szellemis\u00e9g\u00e9re: a seg\u00edt\u0151k\u00e9szs\u00e9g, j\u00f3s\u00e1g, az \u00f6nzetlens\u00e9g volt a t\u00e9m\u00e1nk. Megbesz\u00e9lt\u00fck Szent M\u00e1rton \u00e9let\u00e9nek \u00e9s munk\u00e1ss\u00e1g\u00e1nak fontos pontjait, online feladatokkal b\u0151v\u00edtett\u00fck ismereteinket, \u00e9nekelt\u00fcnk, l\u00e1mp\u00e1st k\u00e9sz\u00edtett\u00fcnk, l\u00e1mp\u00e1s sz\u00e9ps\u00e9gversenyt tartottunk.<\/p>\n<p>Aprajafalv\u00e1n a M\u00e1rton napi akad\u00e1lyversenyt \u00e9s l\u00e1mp\u00e1s felvonul\u00e1st szint\u00e9n nagy munka el\u0151zte meg.<br \/>Sz\u00fcl\u0151k, gyerekek, koll\u00e9g\u00e1k mind akt\u00edv r\u00e9sztvev\u0151i voltak az el\u0151k\u00e9sz\u00fcleteknek.<br \/>A feln\u0151ttek az el\u0151zetesen behozott \u00e9s megtiszt\u00edtott bef\u0151ttes \u00fcvegekre akaszt\u00f3kat er\u0151s\u00edtettek, a gyerekek pedig k\u00fcl\u00f6nb\u00f6z\u0151 k\u00e9zm\u0171ves technik\u00e1kkal k\u00e9sz\u00edtettek szebbn\u00e9l szebb lib\u00e1s dekor\u00e1ci\u00f3kat az \u00fcres \u00fcvegekre.<br \/>Az id\u00e9n m\u00e9g lib\u00e1s fejd\u00edszek is k\u00e9sz\u00fcltek.<br \/>Az itt elk\u00e9sz\u00fclt saj\u00e1t l\u00e1mp\u00e1sokat \u00e9s fejd\u00edszeket nagy \u00f6r\u00f6mmel vett\u00e9k kez\u00fckbe \u00e9s fej\u00fckre a gyerekek az esti felvonul\u00e1son.<br \/>Gy\u00f6ny\u00f6r\u0171 M\u00e1rton napi dekor\u00e1ci\u00f3k ker\u00fcltek a folyos\u00f3kra \u00e9s a termekbe is a fant\u00e1zia teljes t\u00e1rh\u00e1z\u00e1t felvonultatva.<br \/>M\u00e1r a d\u00e9lut\u00e1n is nagyon sz\u00ednes \u00e9s izgalmas volt.<br \/>Judit n\u00e9ni vezet\u00e9s\u00e9vel \u00e9s az asszisztensek seg\u00edts\u00e9g\u00e9vel M\u00e1rton-napi vigass\u00e1gok c\u00edmmel vet\u00e9lked\u0151n vettek r\u00e9szt kis tan\u00edtv\u00e1nyaink, ahol k\u00fcl\u00f6nb\u00f6z\u0151 \u00e1llom\u00e1sokon pr\u00f3b\u00e1lhatt\u00e1k ki \u00fcgyess\u00e9g\u00fcket. A nem mindennapi j\u00e1t\u00e9kokat \u00e9s a hagyom\u00e1nyhoz f\u0171z\u0151d\u0151 feladatokat nagy \u00e9rdekl\u0151d\u00e9ssel v\u00e1rt\u00e1k a gyerekek.<br \/>Orsi n\u00e9ni vez\u00e9nyl\u00e9s\u00e9vel labd\u00e1t kellett vessz\u0151sepr\u0171vel a liba\u00f3lba terelni, ami nem kev\u00e9s \u00fcgyess\u00e9get k\u00edv\u00e1nt.<br \/>M\u00f3ni n\u00e9nin\u00e9l egyik \u00fcvegb\u0151l a m\u00e1sikba mer\u0151kan\u00e1llal m\u00e9rt\u00e9k \u00e1t \u201ebort\u201d(te\u00e1t).<br \/>Istv\u00e1n b\u00e1csin\u00e1l \u201elibat\u00f6m\u00e9ssel\u201d pr\u00f3b\u00e1lkoztak a gyerekek, mik\u00f6zben Edina n\u00e9ni \u00e9rdekess\u00e9geket mes\u00e9lt Szent M\u00e1rtonr\u00f3l.<br \/>Kati n\u00e9nin\u00e9l csutk\u00e1b\u00f3l tornyot \u00e9p\u00edtettek, a lehet\u0151 legmagasabbra, Ildik\u00f3 n\u00e9nin\u00e9l pedig Szent M\u00e1rton t\u00f6rt\u00e9net\u00e9t rakt\u00e1k ki k\u00e9pekb\u0151l.<br \/>V\u00e9gezet\u00fcl az utols\u00f3 \u00e1llom\u00e1son Judit n\u00e9ni megtan\u00edtotta a gyerekeket libatollal \u00edrni, amivel osztatlan sikert aratott.<\/p>\n<p>A foglalkoz\u00e1sok k\u00f6z\u00f6tt is folyt a hagyom\u00e1ny\u0151rz\u00e9s, hiszen M\u00e1rton napi mond\u00f3k\u00e1kt\u00f3l volt hangos az iskola. \u00d6r\u00f6m volt l\u00e1tni a sok mosolyg\u00f3 gyereket fejd\u00edsszel a fej\u00e9n vonulni.<\/p>\n<p>A fantasztikus programok felt\u00f6lt\u0151d\u00e9st \u00e9s j\u00f3kedvet teremtettek mindannyiunk sz\u00e1m\u00e1ra.<\/p>\n<p>Olyan m\u00e1r feled\u00e9sbe mer\u00fclt tev\u00e9kenys\u00e9gekkel, j\u00e1t\u00e9kokkal ismerkedhettek meg a gyerekek, amelyeknek kipr\u00f3b\u00e1ltat\u00e1sa mindannyiunk \u00e9rdeke.<br \/>Egy nagyon \u00e9lm\u00e9nyd\u00fas \u00e9s sikeres napot z\u00e1rhattunk egy\u00fctt.<\/p>\n<p>Melengesse sz\u00edv\u00fcnket sok\u00e1ig ez a hangulatos k\u00f6z\u00f6s \u00e9lm\u00e9ny. \u00d6r\u00f6mmel dolgoztunk egy\u00fctt mindannyian (tan\u00e1rok, vezet\u0151k, konyhai dolgoz\u00f3k, irodai dolgoz\u00f3k, pedag\u00f3giai asszistensek, rendszergazda) a fels\u0151s seg\u00edt\u0151 gyerekekkel. Azt fogalmaztuk meg egym\u00e1snak, hogy j\u00f3 volt r\u00e9szese lenni ennek a projektnek. Kicsik, nagyok, feln\u0151ttek, gyerekek mind azon igyekezt\u00fcnk, hogy minden a lehet\u0151 legjobb legyen. Azt hiszem, ez a l\u00e9nyege az \u00fcnnepeknek: kil\u00e9pni a mindennapokb\u00f3l, valami m\u00e1st csin\u00e1lni, k\u00f6z\u00f6sen tev\u00e9kenykedni, egy\u00fctt meg\u00e9lni az alkalmat, \u00e9lvezni az egy\u00fcttl\u00e9tet.<\/p>\n<p>[\/et_pb_text][et_pb_gallery gallery_ids=&#8221;23331,23330,23329,23328,23327,23326,23325,23324,23323,23322,23321,23320,23319,23318,23317,23316,23315,23314,23333,23334,23335,23336,23337,23338,23339,23340,23341,23342,23343,23344,23345&#8243; posts_number=&#8221;10&#8243; show_title_and_caption=&#8221;off&#8221; _builder_version=&#8221;4.13.1&#8243; _module_preset=&#8221;default&#8221; hover_enabled=&#8221;0&#8243; global_colors_info=&#8221;{}&#8221; sticky_enabled=&#8221;0&#8243;][\/et_pb_gallery][et_pb_video_slider _builder_version=&#8221;4.13.1&#8243; _module_preset=&#8221;default&#8221; global_colors_info=&#8221;{}&#8221;][et_pb_video_slider_item src=&#8221;https:\/\/youtu.be\/Q2So_d-l1xM&#8221; _builder_version=&#8221;4.13.1&#8243; _module_preset=&#8221;default&#8221; global_colors_info=&#8221;{}&#8221; show_image_overlay=&#8221;off&#8221;][\/et_pb_video_slider_item][et_pb_video_slider_item src=&#8221;https:\/\/youtube.com\/shorts\/_D9f1LJUcVc&#8221; _builder_version=&#8221;4.13.1&#8243; _module_preset=&#8221;default&#8221; global_colors_info=&#8221;{}&#8221; show_image_overlay=&#8221;off&#8221;][\/et_pb_video_slider_item][et_pb_video_slider_item src=&#8221;https:\/\/youtube.com\/shorts\/SyKR_Zq85GU&#8221; _builder_version=&#8221;4.13.1&#8243; _module_preset=&#8221;default&#8221; global_colors_info=&#8221;{}&#8221; show_image_overlay=&#8221;off&#8221;][\/et_pb_video_slider_item][et_pb_video_slider_item src=&#8221;https:\/\/youtube.com\/shorts\/Wq7eEO2mS_8&#8243; _builder_version=&#8221;4.13.1&#8243; _module_preset=&#8221;default&#8221; global_colors_info=&#8221;{}&#8221; show_image_overlay=&#8221;off&#8221;][\/et_pb_video_slider_item][et_pb_video_slider_item src=&#8221;https:\/\/youtube.com\/shorts\/AyaYbehSexs&#8221; _builder_version=&#8221;4.13.1&#8243; _module_preset=&#8221;default&#8221; global_colors_info=&#8221;{}&#8221; show_image_overlay=&#8221;off&#8221;][\/et_pb_video_slider_item][et_pb_video_slider_item src=&#8221;https:\/\/youtu.be\/9xO0lKyFz0Q&#8221; _builder_version=&#8221;4.13.1&#8243; _module_preset=&#8221;default&#8221; global_colors_info=&#8221;{}&#8221; show_image_overlay=&#8221;off&#8221;][\/et_pb_video_slider_item][\/et_pb_video_slider][\/et_pb_column][\/et_pb_row][\/et_pb_section]<\/p>\n","protected":false},"excerpt":{"rendered":"<p>November 11-\u00e9n Szent M\u00e1rtonra eml\u00e9kezve tartottuk a l\u00e1mp\u00e1sos felvonul\u00e1sunkat, amelyet az elm\u00falt \u00e9vekben a v\u00edrushelyzet miatt nem tudtunk megszervezni. A fels\u0151s, v\u00e1llalkoz\u00f3 szellem\u0171 gyerekekkel egy\u00fctt k\u00e9sz\u00fclt\u00fcnk a felvonul\u00e1st k\u00f6vet\u0151 vend\u00e9gl\u00e1t\u00e1sra. [&hellip;]<\/p>\n","protected":false},"author":4,"featured_media":23336,"comment_status":"closed","ping_status":"closed","sticky":false,"template":"","format":"standard","meta":{"_et_pb_use_builder":"on","_et_pb_old_content":"","_et_gb_content_width":"","cybocfi_hide_featured_image":"yes","footnotes":""},"categories":[4],"tags":[],"class_list":["post-23311","post","type-post","status-publish","format-standard","has-post-thumbnail","hentry","category-hirek"],"jetpack_featured_media_url":"https:\/\/i0.wp.com\/szigja.hu\/2021\/wp-content\/uploads\/2022\/11\/313972214_999820460974177_5688682853021038821_n.jpg?fit=2048%2C1536&ssl=1","_links":{"self":[{"href":"https:\/\/szigja.hu\/2021\/wp-json\/wp\/v2\/posts\/23311","targetHints":{"allow":["GET"]}}],"collection":[{"href":"https:\/\/szigja.hu\/2021\/wp-json\/wp\/v2\/posts"}],"about":[{"href":"https:\/\/szigja.hu\/2021\/wp-json\/wp\/v2\/types\/post"}],"author":[{"embeddable":true,"href":"https:\/\/szigja.hu\/2021\/wp-json\/wp\/v2\/users\/4"}],"replies":[{"embeddable":true,"href":"https:\/\/szigja.hu\/2021\/wp-json\/wp\/v2\/comments?post=23311"}],"version-history":[{"count":3,"href":"https:\/\/szigja.hu\/2021\/wp-json\/wp\/v2\/posts\/23311\/revisions"}],"predecessor-version":[{"id":23347,"href":"https:\/\/szigja.hu\/2021\/wp-json\/wp\/v2\/posts\/23311\/revisions\/23347"}],"wp:featuredmedia":[{"embeddable":true,"href":"https:\/\/szigja.hu\/2021\/wp-json\/wp\/v2\/media\/23336"}],"wp:attachment":[{"href":"https:\/\/szigja.hu\/2021\/wp-json\/wp\/v2\/media?parent=23311"}],"wp:term":[{"taxonomy":"category","embeddable":true,"href":"https:\/\/szigja.hu\/2021\/wp-json\/wp\/v2\/categories?post=23311"},{"taxonomy":"post_tag","embeddable":true,"href":"https:\/\/szigja.hu\/2021\/wp-json\/wp\/v2\/tags?post=23311"}],"curies":[{"name":"wp","href":"https:\/\/api.w.org\/{rel}","templated":true}]}}