{"id":23771,"date":"2023-02-23T09:32:53","date_gmt":"2023-02-23T09:32:53","guid":{"rendered":"https:\/\/szigja.hu\/2021\/?p=23771"},"modified":"2023-02-23T09:32:53","modified_gmt":"2023-02-23T09:32:53","slug":"altalanos-iskolai-korzethatarok-kijelolese-2023-2024-es-tanevre","status":"publish","type":"post","link":"https:\/\/szigja.hu\/2021\/2023\/02\/23\/altalanos-iskolai-korzethatarok-kijelolese-2023-2024-es-tanevre\/","title":{"rendered":"\u00c1ltal\u00e1nos iskolai k\u00f6rzethat\u00e1rok kijel\u00f6l\u00e9se 2023\/2024-es tan\u00e9vre"},"content":{"rendered":"<p>A Szigetszentmikl\u00f3si Tanker\u00fcleti K\u00f6zpont a nemzeti k\u00f6znevel\u00e9sr\u0151l sz\u00f3l\u00f3 2011. \u00e9vi CXC. t\u00f6rv\u00e9ny 50. \u00a7 (8) bekezd\u00e9s\u00e9ben, valamint a nevel\u00e9si-oktat\u00e1si int\u00e9zm\u00e9nyek m\u0171k\u00f6d\u00e9s\u00e9r\u0151l \u00e9s a k\u00f6znevel\u00e9si int\u00e9zm\u00e9nyek n\u00e9vhaszn\u00e1lat\u00e1r\u00f3l sz\u00f3l\u00f3 20\/2012. (VIII.31.) EMMI rendelet 24. \u00a7 (1b) bekezd\u00e9s\u00e9ben foglalt felhatalmaz\u00e1s alapj\u00e1n kijel\u00f6lte \u00e9s k\u00f6zz\u00e9tette a Szigetszentmikl\u00f3si Tanker\u00fcleti K\u00f6zpont illet\u00e9kess\u00e9gi ter\u00fclet\u00e9n m\u0171k\u00f6d\u0151 \u00e1llami feladatot ell\u00e1t\u00f3 k\u00f6telez\u0151 felv\u00e9telt biztos\u00edt\u00f3 \u00e1ltal\u00e1nos iskol\u00e1k k\u00f6rzethat\u00e1rait a 2023\/2024-es tan\u00e9vre vonatkoz\u00f3an, mely az al\u00e1bbi linken \u00e9rhet\u0151 el:<\/p>\n<p><a href=\"http:\/\/kk.gov.hu\/altalanos-iskolai-felveteli-korzethatarok-a-2023-2024-tanevben\">http:\/\/kk.gov.hu\/altalanos-iskolai-felveteli-korzethatarok-a-2023-2024-tanevben<\/a><\/p>\n","protected":false},"excerpt":{"rendered":"<p>A Szigetszentmikl\u00f3si Tanker\u00fcleti K\u00f6zpont a nemzeti k\u00f6znevel\u00e9sr\u0151l sz\u00f3l\u00f3 2011. \u00e9vi CXC. t\u00f6rv\u00e9ny 50. \u00a7 (8) bekezd\u00e9s\u00e9ben, valamint a nevel\u00e9si-oktat\u00e1si int\u00e9zm\u00e9nyek m\u0171k\u00f6d\u00e9s\u00e9r\u0151l \u00e9s a k\u00f6znevel\u00e9si int\u00e9zm\u00e9nyek n\u00e9vhaszn\u00e1lat\u00e1r\u00f3l sz\u00f3l\u00f3 20\/2012. (VIII.31.) EMMI [&hellip;]<\/p>\n","protected":false},"author":4,"featured_media":0,"comment_status":"closed","ping_status":"closed","sticky":false,"template":"","format":"standard","meta":{"_et_pb_use_builder":"","_et_pb_old_content":"","_et_gb_content_width":"","cybocfi_hide_featured_image":"","footnotes":""},"categories":[4],"tags":[],"class_list":["post-23771","post","type-post","status-publish","format-standard","hentry","category-hirek"],"jetpack_featured_media_url":"","_links":{"self":[{"href":"https:\/\/szigja.hu\/2021\/wp-json\/wp\/v2\/posts\/23771","targetHints":{"allow":["GET"]}}],"collection":[{"href":"https:\/\/szigja.hu\/2021\/wp-json\/wp\/v2\/posts"}],"about":[{"href":"https:\/\/szigja.hu\/2021\/wp-json\/wp\/v2\/types\/post"}],"author":[{"embeddable":true,"href":"https:\/\/szigja.hu\/2021\/wp-json\/wp\/v2\/users\/4"}],"replies":[{"embeddable":true,"href":"https:\/\/szigja.hu\/2021\/wp-json\/wp\/v2\/comments?post=23771"}],"version-history":[{"count":1,"href":"https:\/\/szigja.hu\/2021\/wp-json\/wp\/v2\/posts\/23771\/revisions"}],"predecessor-version":[{"id":23772,"href":"https:\/\/szigja.hu\/2021\/wp-json\/wp\/v2\/posts\/23771\/revisions\/23772"}],"wp:attachment":[{"href":"https:\/\/szigja.hu\/2021\/wp-json\/wp\/v2\/media?parent=23771"}],"wp:term":[{"taxonomy":"category","embeddable":true,"href":"https:\/\/szigja.hu\/2021\/wp-json\/wp\/v2\/categories?post=23771"},{"taxonomy":"post_tag","embeddable":true,"href":"https:\/\/szigja.hu\/2021\/wp-json\/wp\/v2\/tags?post=23771"}],"curies":[{"name":"wp","href":"https:\/\/api.w.org\/{rel}","templated":true}]}}