{"id":24086,"date":"2023-05-23T13:37:45","date_gmt":"2023-05-23T13:37:45","guid":{"rendered":"https:\/\/szigja.hu\/2021\/?p=24086"},"modified":"2023-05-23T13:37:45","modified_gmt":"2023-05-23T13:37:45","slug":"gorgei-artur-tortenelmi-tanulmanyi-verseny","status":"publish","type":"post","link":"https:\/\/szigja.hu\/2021\/2023\/05\/23\/gorgei-artur-tortenelmi-tanulmanyi-verseny\/","title":{"rendered":"G\u00f6rgei Art\u00far t\u00f6rt\u00e9nelmi tanulm\u00e1nyi verseny"},"content":{"rendered":"<p>2023. m\u00e1jus 22-\u00e9n ker\u00fclt megrendez\u00e9sre a G\u00f6rgei Art\u00far t\u00f6rt\u00e9nelmi tanulm\u00e1nyi verseny. Iskol\u00e1nkat, Kov\u00e1cs Eszter \u00e9s Kov\u00e1cs R\u00e9ka 6.g oszt\u00e1lyos tanul\u00f3k k\u00e9pviselt\u00e9k.<\/p>\n<p>A verseny t\u00e9m\u00e1ja: Visegr\u00e1d Anjou I. K\u00e1roly kir\u00e1lyi v\u00e1rosa. C\u00e9lja, a t\u00f6rt\u00e9nelem ir\u00e1nt nagyfok\u00fa \u00e9rdekl\u0151d\u00e9st mutat\u00f3 tanul\u00f3k ismeretszerz\u0151, rendszerez\u0151, alkalmaz\u00f3 \u00e9s kreat\u00edv k\u00e9pess\u00e9geinek fejleszt\u00e9se. Haz\u00e1nk m\u00faltj\u00e1nak, el\u0151deink \u00e9let\u00e9nek, mindennapjainak r\u00e9szletesebb megismer\u00e9se. A tanul\u00f3k PPT-t k\u00e9sz\u00edtettek, \u00edr\u00e1sbeli feladatlapot t\u00f6lt\u00f6ttek ki, illetve bebarangolt\u00e1k a Visegr\u00e1di kir\u00e1lyi palot\u00e1t kreat\u00edv, j\u00e1t\u00e9kos feladatok seg\u00edts\u00e9g\u00e9vel.<\/p>\n<p>Eszter \u00e9s R\u00e9ka a 64 indul\u00f3 csapat k\u00f6z\u00fcl a 14. helyet \u00e9rte el.<\/p>\n<p>K\u00f6sz\u00f6nj\u00fck a sz\u00fcl\u0151k t\u00e1mogat\u00e1s\u00e1t!<\/p>\n<p>Az el\u00e9rt eredm\u00e9nyhez gratul\u00e1lunk!<\/p>\n<div class=\"et_pb_slider et_pb_slider_fullwidth_off et_pb_gallery_post_type\">\n\t\t\t\t<div class=\"et_pb_slides\">\n\t\t\t\t\t<div class=\"et_pb_slide\" style=\"background: url(https:\/\/szigja.hu\/2021\/wp-content\/uploads\/2023\/05\/verseny3-scaled.jpg);\"><\/div><div class=\"et_pb_slide\" style=\"background: url(https:\/\/szigja.hu\/2021\/wp-content\/uploads\/2023\/05\/verseny2-scaled.jpg);\"><\/div><div class=\"et_pb_slide\" style=\"background: url(https:\/\/szigja.hu\/2021\/wp-content\/uploads\/2023\/05\/verseny1-scaled.jpg);\"><\/div>\n\t\t\t\t<\/div>\n\t\t\t<\/div>\n","protected":false},"excerpt":{"rendered":"<p>2023. m\u00e1jus 22-\u00e9n ker\u00fclt megrendez\u00e9sre a G\u00f6rgei Art\u00far t\u00f6rt\u00e9nelmi tanulm\u00e1nyi verseny. Iskol\u00e1nkat, Kov\u00e1cs Eszter \u00e9s Kov\u00e1cs R\u00e9ka 6.g oszt\u00e1lyos tanul\u00f3k k\u00e9pviselt\u00e9k. A verseny t\u00e9m\u00e1ja: Visegr\u00e1d Anjou I. K\u00e1roly kir\u00e1lyi v\u00e1rosa. [&hellip;]<\/p>\n","protected":false},"author":4,"featured_media":24087,"comment_status":"closed","ping_status":"closed","sticky":false,"template":"","format":"standard","meta":{"_et_pb_use_builder":"","_et_pb_old_content":"","_et_gb_content_width":"","cybocfi_hide_featured_image":"","footnotes":""},"categories":[4],"tags":[],"class_list":["post-24086","post","type-post","status-publish","format-standard","has-post-thumbnail","hentry","category-hirek"],"jetpack_featured_media_url":"https:\/\/i0.wp.com\/szigja.hu\/2021\/wp-content\/uploads\/2023\/05\/verseny3-scaled.jpg?fit=2560%2C1920&ssl=1","_links":{"self":[{"href":"https:\/\/szigja.hu\/2021\/wp-json\/wp\/v2\/posts\/24086","targetHints":{"allow":["GET"]}}],"collection":[{"href":"https:\/\/szigja.hu\/2021\/wp-json\/wp\/v2\/posts"}],"about":[{"href":"https:\/\/szigja.hu\/2021\/wp-json\/wp\/v2\/types\/post"}],"author":[{"embeddable":true,"href":"https:\/\/szigja.hu\/2021\/wp-json\/wp\/v2\/users\/4"}],"replies":[{"embeddable":true,"href":"https:\/\/szigja.hu\/2021\/wp-json\/wp\/v2\/comments?post=24086"}],"version-history":[{"count":1,"href":"https:\/\/szigja.hu\/2021\/wp-json\/wp\/v2\/posts\/24086\/revisions"}],"predecessor-version":[{"id":24090,"href":"https:\/\/szigja.hu\/2021\/wp-json\/wp\/v2\/posts\/24086\/revisions\/24090"}],"wp:featuredmedia":[{"embeddable":true,"href":"https:\/\/szigja.hu\/2021\/wp-json\/wp\/v2\/media\/24087"}],"wp:attachment":[{"href":"https:\/\/szigja.hu\/2021\/wp-json\/wp\/v2\/media?parent=24086"}],"wp:term":[{"taxonomy":"category","embeddable":true,"href":"https:\/\/szigja.hu\/2021\/wp-json\/wp\/v2\/categories?post=24086"},{"taxonomy":"post_tag","embeddable":true,"href":"https:\/\/szigja.hu\/2021\/wp-json\/wp\/v2\/tags?post=24086"}],"curies":[{"name":"wp","href":"https:\/\/api.w.org\/{rel}","templated":true}]}}