{"id":24265,"date":"2023-06-28T16:08:06","date_gmt":"2023-06-28T16:08:06","guid":{"rendered":"https:\/\/szigja.hu\/2021\/?p=24265"},"modified":"2023-07-21T20:32:09","modified_gmt":"2023-07-21T20:32:09","slug":"etkezessel-kapcsolatos-informaciok-3","status":"publish","type":"post","link":"https:\/\/szigja.hu\/2021\/2023\/06\/28\/etkezessel-kapcsolatos-informaciok-3\/","title":{"rendered":"\u00c9TKEZ\u00c9SSEL KAPCSOLATOS INFORM\u00c1CI\u00d3K"},"content":{"rendered":"<p>Tisztelt Sz\u00fcl\u0151k!<\/p>\n<p>T\u00e1j\u00e9koztatom \u00d6n\u00f6ket, hogy a 2023\/2024-es tan\u00e9vre, a szeptemberi \u00e9tkez\u00e9si csekkeket szem\u00e9lyesen az al\u00e1bbi napokon tudj\u00e1k \u00e1tvenni:<\/p>\n<ol start=\"2023\">\n<li><strong> augusztus 7-\u00e9n 6-14 \u00f3ra, <\/strong><\/li>\n<\/ol>\n<p><strong>\u00a0\u00a0\u00a0\u00a0\u00a0 \u00a0\u00a0\u00a0\u00a0\u00a0\u00a0\u00a0\u00a0\u00a0\u00a0\u00a0\u00a08-\u00e1n 10-16 \u00f3ra k\u00f6z\u00f6tt.<\/strong><\/p>\n<ul>\n<li>csekkes fizet\u00e9s eset\u00e9n be kell j\u00f6nni a csekk\u00e9rt a Radn\u00f3ti \u00fati \u00e9p\u00fcletbe<\/li>\n<li>utal\u00e1ssal fizet\u00e9s eset\u00e9n e-mailben k\u00fcld\u00f6m a sz\u00e1ml\u00e1t<\/li>\n<\/ul>\n<p>A befizet\u00e9sekr\u0151l az igazol\u00e1st nem kell visszak\u00fcldeni, mert csak a banki \u00e9s a postai kivonaton szerepl\u0151 j\u00f3v\u00e1\u00edr\u00e1s tekinthet\u0151 befizetettnek.<\/p>\n<p><u>K\u00e9rem, tarts\u00e1k be a befizet\u00e9si hat\u00e1rid\u0151t, ellenkez\u0151 esetben a sz\u00e1mla sztorn\u00f3z\u00e1sra ker\u00fcl \u00e9s gyermek\u00fcknek nem tudunk \u00e9tkez\u00e9st biztos\u00edtani<\/u>!<\/p>\n<p>A befizet\u00e9si hat\u00e1rid\u0151: <strong>2023. augusztus 14.<\/strong><\/p>\n<p>Tov\u00e1bbi inform\u00e1ci\u00f3k!<\/p>\n<p><strong>A be nem \u00e9rkezett ig\u00e9nyl\u00e9sek eset\u00e9n szeptemberben nem tudunk \u00e9tkez\u00e9st biztos\u00edtani gyermek\u00fcknek, k\u00f6vetkez\u0151 \u00e9tkez\u00e9si lehet\u0151s\u00e9g okt\u00f3ber 1-t\u0151l lesz, melyet szeptember 5-ig jelezni kell \u00edr\u00e1sban.<\/strong><\/p>\n<p><strong>\u00a0<\/strong><strong>\u00a0<\/strong>Szab\u00f3 Katalin<\/p>\n<p>\u00e9tkez\u00e9si \u00fcgyint\u00e9z\u0151<\/p>\n<p><a href=\"mailto:szabo.kati@egomir.szszm.hu\">szabo.kati@egomir.szszm.hu<\/a><\/p>\n<p>0620 325 85 05<\/p>\n","protected":false},"excerpt":{"rendered":"<p>Tisztelt Sz\u00fcl\u0151k! T\u00e1j\u00e9koztatom \u00d6n\u00f6ket, hogy a 2023\/2024-es tan\u00e9vre, a szeptemberi \u00e9tkez\u00e9si csekkeket szem\u00e9lyesen az al\u00e1bbi napokon tudj\u00e1k \u00e1tvenni: augusztus 7-\u00e9n 6-14 \u00f3ra, \u00a0\u00a0\u00a0\u00a0\u00a0 \u00a0\u00a0\u00a0\u00a0\u00a0\u00a0\u00a0\u00a0\u00a0\u00a0\u00a0\u00a08-\u00e1n 10-16 \u00f3ra k\u00f6z\u00f6tt. csekkes fizet\u00e9s eset\u00e9n [&hellip;]<\/p>\n","protected":false},"author":4,"featured_media":0,"comment_status":"closed","ping_status":"closed","sticky":false,"template":"","format":"standard","meta":{"_et_pb_use_builder":"","_et_pb_old_content":"","_et_gb_content_width":"","cybocfi_hide_featured_image":"","footnotes":""},"categories":[4],"tags":[],"class_list":["post-24265","post","type-post","status-publish","format-standard","hentry","category-hirek"],"jetpack_featured_media_url":"","_links":{"self":[{"href":"https:\/\/szigja.hu\/2021\/wp-json\/wp\/v2\/posts\/24265","targetHints":{"allow":["GET"]}}],"collection":[{"href":"https:\/\/szigja.hu\/2021\/wp-json\/wp\/v2\/posts"}],"about":[{"href":"https:\/\/szigja.hu\/2021\/wp-json\/wp\/v2\/types\/post"}],"author":[{"embeddable":true,"href":"https:\/\/szigja.hu\/2021\/wp-json\/wp\/v2\/users\/4"}],"replies":[{"embeddable":true,"href":"https:\/\/szigja.hu\/2021\/wp-json\/wp\/v2\/comments?post=24265"}],"version-history":[{"count":1,"href":"https:\/\/szigja.hu\/2021\/wp-json\/wp\/v2\/posts\/24265\/revisions"}],"predecessor-version":[{"id":24266,"href":"https:\/\/szigja.hu\/2021\/wp-json\/wp\/v2\/posts\/24265\/revisions\/24266"}],"wp:attachment":[{"href":"https:\/\/szigja.hu\/2021\/wp-json\/wp\/v2\/media?parent=24265"}],"wp:term":[{"taxonomy":"category","embeddable":true,"href":"https:\/\/szigja.hu\/2021\/wp-json\/wp\/v2\/categories?post=24265"},{"taxonomy":"post_tag","embeddable":true,"href":"https:\/\/szigja.hu\/2021\/wp-json\/wp\/v2\/tags?post=24265"}],"curies":[{"name":"wp","href":"https:\/\/api.w.org\/{rel}","templated":true}]}}