{"id":25367,"date":"2023-12-05T18:07:25","date_gmt":"2023-12-05T18:07:25","guid":{"rendered":"https:\/\/szigja.hu\/2021\/?p=25367"},"modified":"2024-01-30T16:49:50","modified_gmt":"2024-01-30T16:49:50","slug":"varosi-adventi-gyertyagyujtas-2","status":"publish","type":"post","link":"https:\/\/szigja.hu\/2021\/2023\/12\/05\/varosi-adventi-gyertyagyujtas-2\/","title":{"rendered":"V\u00e1rosi adventi gyertyagy\u00fajt\u00e1s"},"content":{"rendered":"<p>[et_pb_section fb_built=&#8221;1&#8243; _builder_version=&#8221;3.22&#8243; global_colors_info=&#8221;{}&#8221;][et_pb_row _builder_version=&#8221;3.25&#8243; background_size=&#8221;initial&#8221; background_position=&#8221;top_left&#8221; background_repeat=&#8221;repeat&#8221; global_colors_info=&#8221;{}&#8221;][et_pb_column type=&#8221;4_4&#8243; _builder_version=&#8221;3.25&#8243; custom_padding=&#8221;|||&#8221; global_colors_info=&#8221;{}&#8221; custom_padding__hover=&#8221;|||&#8221;][et_pb_text _builder_version=&#8221;3.27.4&#8243; background_size=&#8221;initial&#8221; background_position=&#8221;top_left&#8221; background_repeat=&#8221;repeat&#8221; hover_enabled=&#8221;0&#8243; global_colors_info=&#8221;{}&#8221; sticky_enabled=&#8221;0&#8243;]<\/p>\n<div><\/div>\n<div>A v\u00e1rosi adventi gyertyagy\u00fajt\u00e1son iskol\u00e1nk mindk\u00e9t \u00e9nekkara fell\u00e9pett h\u00e1rom \u00e9nekkel. A nagysz\u00e1m\u00fa megbeteged\u00e9sek, a metsz\u0151 sz\u00e9l \u00e9s hideg ellen\u00e9re is 67 gyerek sz\u00ednvonalasan, lelkesen k\u00e9pviselte iskol\u00e1nkat.<\/div>\n<div><\/div>\n<div>Nagyon k\u00f6sz\u00f6n\u00f6m minden gyereknek a kitart\u00e1s\u00e1t, koll\u00e9g\u00e1imnak, seg\u00edt\u0151imnek, hogy mindv\u00e9gig jelen voltak, vigy\u00e1ztak a gyerekekre, \u00e9s term\u00e9szetesen a sz\u00fcl\u0151knek az odaad\u00f3 t\u00e1mogat\u00e1s\u00e1t!<\/div>\n<div><\/div>\n<div>Sz\u00f3l\u00f3t \u00e9nekeltek: Kov\u00e1cs Eszter Fl\u00f3ra, Kov\u00e1cs R\u00e9ka Fanni<\/div>\n<div>Verset mondtak: Kukuly\u00e1k Levente, B\u0151r-Nagy Bori<\/div>\n<div><\/div>\n<div>\u00cdrta: Kiss\u00a0 Be\u00e1ta<\/div>\n<p>[\/et_pb_text][et_pb_gallery _builder_version=&#8221;4.13.1&#8243; _module_preset=&#8221;default&#8221; gallery_ids=&#8221;25364,25363,25361,25360,25362&#8243; hover_enabled=&#8221;0&#8243; sticky_enabled=&#8221;0&#8243; show_title_and_caption=&#8221;off&#8221;][\/et_pb_gallery][et_pb_video_slider _builder_version=&#8221;4.13.1&#8243; _module_preset=&#8221;default&#8221; hover_enabled=&#8221;0&#8243; sticky_enabled=&#8221;0&#8243;][et_pb_video_slider_item _builder_version=&#8221;4.13.1&#8243; _module_preset=&#8221;default&#8221; show_image_overlay=&#8221;off&#8221; title_text=&#8221;10000000_24551952831084702_4271959254525381831_n&#8221; src=&#8221;https:\/\/szigja.hu\/2021\/wp-content\/uploads\/2023\/12\/10000000_24551952831084702_4271959254525381831_n.mp4&#8243; hover_enabled=&#8221;0&#8243; sticky_enabled=&#8221;0&#8243;][\/et_pb_video_slider_item][et_pb_video_slider_item _builder_version=&#8221;4.13.1&#8243; _module_preset=&#8221;default&#8221; show_image_overlay=&#8221;off&#8221; title_text=&#8221;10000000_6626684647430294_5468883874987970582_n&#8221; src=&#8221;https:\/\/szigja.hu\/2021\/wp-content\/uploads\/2023\/12\/10000000_6626684647430294_5468883874987970582_n.mp4&#8243; hover_enabled=&#8221;0&#8243; sticky_enabled=&#8221;0&#8243;][\/et_pb_video_slider_item][\/et_pb_video_slider][\/et_pb_column][\/et_pb_row][\/et_pb_section]<\/p>\n","protected":false},"excerpt":{"rendered":"<p>A v\u00e1rosi adventi gyertyagy\u00fajt\u00e1son iskol\u00e1nk mindk\u00e9t \u00e9nekkara fell\u00e9pett h\u00e1rom \u00e9nekkel. A nagysz\u00e1m\u00fa megbeteged\u00e9sek, a metsz\u0151 sz\u00e9l \u00e9s hideg ellen\u00e9re is 67 gyerek sz\u00ednvonalasan, lelkesen k\u00e9pviselte iskol\u00e1nkat. Nagyon k\u00f6sz\u00f6n\u00f6m minden gyereknek [&hellip;]<\/p>\n","protected":false},"author":4,"featured_media":25363,"comment_status":"closed","ping_status":"closed","sticky":false,"template":"","format":"standard","meta":{"_et_pb_use_builder":"on","_et_pb_old_content":"<div>\u00a0<\/div><div>A v\u00e1rosi adventi gyertyagy\u00fajt\u00e1son iskol\u00e1nk mindk\u00e9t \u00e9nekkara fell\u00e9pett h\u00e1rom \u00e9nekkel. A nagysz\u00e1m\u00fa megbeteged\u00e9sek, a metsz\u0151 sz\u00e9l \u00e9s hideg ellen\u00e9re is 67 gyerek sz\u00ednvonalasan, lelkesen k\u00e9pviselte iskol\u00e1nkat.\u00a0<\/div><div>\u00a0<\/div><div>Nagyon k\u00f6sz\u00f6n\u00f6m minden gyereknek a kitart\u00e1s\u00e1t, koll\u00e9g\u00e1imnak, seg\u00edt\u0151imnek, hogy mindv\u00e9gig jelen voltak, vigy\u00e1ztak a gyerekekre, \u00e9s term\u00e9szetesen a sz\u00fcl\u0151knek az odaad\u00f3 t\u00e1mogat\u00e1s\u00e1t!<\/div><div>\u00a0<\/div><div>Sz\u00f3l\u00f3t \u00e9nekeltek: Kov\u00e1cs Eszter Fl\u00f3ra, Kov\u00e1cs R\u00e9ka Fanni<\/div><div>Verset mondtak: Kukuly\u00e1k Levente, B\u0151r-Nagy Bori<\/div><div>\u00a0<\/div><div>\u00cdrta: Kiss\u00a0 Be\u00e1ta<\/div>","_et_gb_content_width":"","cybocfi_hide_featured_image":"","footnotes":""},"categories":[12],"tags":[],"class_list":["post-25367","post","type-post","status-publish","format-standard","has-post-thumbnail","hentry","category-fontos"],"jetpack_featured_media_url":"https:\/\/i0.wp.com\/szigja.hu\/2021\/wp-content\/uploads\/2023\/12\/32324.jpg?fit=1079%2C720&ssl=1","_links":{"self":[{"href":"https:\/\/szigja.hu\/2021\/wp-json\/wp\/v2\/posts\/25367","targetHints":{"allow":["GET"]}}],"collection":[{"href":"https:\/\/szigja.hu\/2021\/wp-json\/wp\/v2\/posts"}],"about":[{"href":"https:\/\/szigja.hu\/2021\/wp-json\/wp\/v2\/types\/post"}],"author":[{"embeddable":true,"href":"https:\/\/szigja.hu\/2021\/wp-json\/wp\/v2\/users\/4"}],"replies":[{"embeddable":true,"href":"https:\/\/szigja.hu\/2021\/wp-json\/wp\/v2\/comments?post=25367"}],"version-history":[{"count":3,"href":"https:\/\/szigja.hu\/2021\/wp-json\/wp\/v2\/posts\/25367\/revisions"}],"predecessor-version":[{"id":25371,"href":"https:\/\/szigja.hu\/2021\/wp-json\/wp\/v2\/posts\/25367\/revisions\/25371"}],"wp:featuredmedia":[{"embeddable":true,"href":"https:\/\/szigja.hu\/2021\/wp-json\/wp\/v2\/media\/25363"}],"wp:attachment":[{"href":"https:\/\/szigja.hu\/2021\/wp-json\/wp\/v2\/media?parent=25367"}],"wp:term":[{"taxonomy":"category","embeddable":true,"href":"https:\/\/szigja.hu\/2021\/wp-json\/wp\/v2\/categories?post=25367"},{"taxonomy":"post_tag","embeddable":true,"href":"https:\/\/szigja.hu\/2021\/wp-json\/wp\/v2\/tags?post=25367"}],"curies":[{"name":"wp","href":"https:\/\/api.w.org\/{rel}","templated":true}]}}