{"id":25372,"date":"2023-12-05T18:14:09","date_gmt":"2023-12-05T18:14:09","guid":{"rendered":"https:\/\/szigja.hu\/2021\/?p=25372"},"modified":"2024-01-30T16:48:38","modified_gmt":"2024-01-30T16:48:38","slug":"ismet-advent-aprajafalvan","status":"publish","type":"post","link":"https:\/\/szigja.hu\/2021\/2023\/12\/05\/ismet-advent-aprajafalvan\/","title":{"rendered":"Ism\u00e9t Advent !"},"content":{"rendered":"<p>[et_pb_section fb_built=&#8221;1&#8243; _builder_version=&#8221;3.22&#8243; global_colors_info=&#8221;{}&#8221;][et_pb_row _builder_version=&#8221;3.25&#8243; background_size=&#8221;initial&#8221; background_position=&#8221;top_left&#8221; background_repeat=&#8221;repeat&#8221; global_colors_info=&#8221;{}&#8221;][et_pb_column type=&#8221;4_4&#8243; _builder_version=&#8221;3.25&#8243; custom_padding=&#8221;|||&#8221; global_colors_info=&#8221;{}&#8221; custom_padding__hover=&#8221;|||&#8221;][et_pb_text _builder_version=&#8221;3.27.4&#8243; background_size=&#8221;initial&#8221; background_position=&#8221;top_left&#8221; background_repeat=&#8221;repeat&#8221; global_colors_info=&#8221;{}&#8221;]<\/p>\n<div><\/div>\n<div>Kicsik \u00e9s Nagyok egyform\u00e1n v\u00e1rt\u00e1k az els\u0151 gyertyagy\u00fajt\u00e1st, mindenki k\u00e9sz\u00fclt.<\/div>\n<div><\/div>\n<div>Aprajafalv\u00e1n az els\u0151 \u00fcnnepi m\u0171sort a 2.a oszt\u00e1ly lelkes tanul\u00f3i adt\u00e1k, a nagy \u00e9p\u00fcletben a 4.b oszt\u00e1lyosok m\u0171sora ut\u00e1n gy\u00fajtottuk meg az els\u0151 adventi gyerty\u00e1t. A gyerekek k\u00e9sz\u00fcltek verssel, \u00e9nekkel. \u00dcnnepi hangulatot var\u00e1zsoltak az aul\u00e1ba. V\u00e1rjuk a Kar\u00e1csonyt.<\/div>\n<p>[\/et_pb_text][et_pb_gallery gallery_ids=&#8221;25385,25384,25383,25382,25381,25380,25379,25378,25377,25376,25375,25374,25373,25402,25401,25400,25399,25398,25397,25396,25395&#8243; show_title_and_caption=&#8221;off&#8221; _builder_version=&#8221;4.13.1&#8243; _module_preset=&#8221;default&#8221; hover_enabled=&#8221;0&#8243; global_colors_info=&#8221;{}&#8221; gallery_orderby=&#8221;rand&#8221; sticky_enabled=&#8221;0&#8243;][\/et_pb_gallery][\/et_pb_column][\/et_pb_row][\/et_pb_section]<\/p>\n","protected":false},"excerpt":{"rendered":"<p>Kicsik \u00e9s Nagyok egyform\u00e1n v\u00e1rt\u00e1k az els\u0151 gyertyagy\u00fajt\u00e1st, mindenki k\u00e9sz\u00fclt. Aprajafalv\u00e1n az els\u0151 \u00fcnnepi m\u0171sort a 2.a oszt\u00e1ly lelkes tanul\u00f3i adt\u00e1k, a nagy \u00e9p\u00fcletben a 4.b oszt\u00e1lyosok m\u0171sora ut\u00e1n gy\u00fajtottuk [&hellip;]<\/p>\n","protected":false},"author":4,"featured_media":25378,"comment_status":"closed","ping_status":"closed","sticky":false,"template":"","format":"standard","meta":{"_et_pb_use_builder":"on","_et_pb_old_content":"<div>\u00a0<\/div><div>Kicsik \u00e9s Nagyok egyform\u00e1n v\u00e1rt\u00e1k az els\u0151 gyertyagy\u00fajt\u00e1st, mindenki k\u00e9sz\u00fclt.<\/div><div>\u00a0<\/div><div>Aprajafalv\u00e1n az els\u0151 \u00fcnnepi m\u0171sort a 2.a oszt\u00e1ly lelkes tanul\u00f3i adt\u00e1k, a nagy \u00e9p\u00fcletben a 4.b oszt\u00e1lyosok m\u0171sora ut\u00e1n gy\u00fajtottuk meg az els\u0151 adventi gyerty\u00e1t. A gyerekek k\u00e9sz\u00fcltek verssel, \u00e9nekkel. \u00dcnnepi hangulatot var\u00e1zsoltak az aul\u00e1ba. V\u00e1rjuk a Kar\u00e1csonyt.<\/div>","_et_gb_content_width":"","cybocfi_hide_featured_image":"","footnotes":""},"categories":[12],"tags":[],"class_list":["post-25372","post","type-post","status-publish","format-standard","has-post-thumbnail","hentry","category-fontos"],"jetpack_featured_media_url":"https:\/\/i0.wp.com\/szigja.hu\/2021\/wp-content\/uploads\/2023\/12\/1701691824717.jpeg?fit=2000%2C1500&ssl=1","_links":{"self":[{"href":"https:\/\/szigja.hu\/2021\/wp-json\/wp\/v2\/posts\/25372","targetHints":{"allow":["GET"]}}],"collection":[{"href":"https:\/\/szigja.hu\/2021\/wp-json\/wp\/v2\/posts"}],"about":[{"href":"https:\/\/szigja.hu\/2021\/wp-json\/wp\/v2\/types\/post"}],"author":[{"embeddable":true,"href":"https:\/\/szigja.hu\/2021\/wp-json\/wp\/v2\/users\/4"}],"replies":[{"embeddable":true,"href":"https:\/\/szigja.hu\/2021\/wp-json\/wp\/v2\/comments?post=25372"}],"version-history":[{"count":6,"href":"https:\/\/szigja.hu\/2021\/wp-json\/wp\/v2\/posts\/25372\/revisions"}],"predecessor-version":[{"id":25404,"href":"https:\/\/szigja.hu\/2021\/wp-json\/wp\/v2\/posts\/25372\/revisions\/25404"}],"wp:featuredmedia":[{"embeddable":true,"href":"https:\/\/szigja.hu\/2021\/wp-json\/wp\/v2\/media\/25378"}],"wp:attachment":[{"href":"https:\/\/szigja.hu\/2021\/wp-json\/wp\/v2\/media?parent=25372"}],"wp:term":[{"taxonomy":"category","embeddable":true,"href":"https:\/\/szigja.hu\/2021\/wp-json\/wp\/v2\/categories?post=25372"},{"taxonomy":"post_tag","embeddable":true,"href":"https:\/\/szigja.hu\/2021\/wp-json\/wp\/v2\/tags?post=25372"}],"curies":[{"name":"wp","href":"https:\/\/api.w.org\/{rel}","templated":true}]}}