{"id":25538,"date":"2023-12-20T18:18:17","date_gmt":"2023-12-20T18:18:17","guid":{"rendered":"https:\/\/szigja.hu\/2021\/?p=25538"},"modified":"2023-12-20T18:19:27","modified_gmt":"2023-12-20T18:19:27","slug":"csicsergo-ovodaban-jartunk","status":"publish","type":"post","link":"https:\/\/szigja.hu\/2021\/2023\/12\/20\/csicsergo-ovodaban-jartunk\/","title":{"rendered":"Csicserg\u0151 \u00d3vod\u00e1ban j\u00e1rtunk"},"content":{"rendered":"<p>[et_pb_section fb_built=&#8221;1&#8243; _builder_version=&#8221;3.22&#8243; global_colors_info=&#8221;{}&#8221;][et_pb_row _builder_version=&#8221;3.25&#8243; background_size=&#8221;initial&#8221; background_position=&#8221;top_left&#8221; background_repeat=&#8221;repeat&#8221; global_colors_info=&#8221;{}&#8221;][et_pb_column type=&#8221;4_4&#8243; _builder_version=&#8221;3.25&#8243; custom_padding=&#8221;|||&#8221; global_colors_info=&#8221;{}&#8221; custom_padding__hover=&#8221;|||&#8221;][et_pb_text _builder_version=&#8221;3.27.4&#8243; background_size=&#8221;initial&#8221; background_position=&#8221;top_left&#8221; background_repeat=&#8221;repeat&#8221; global_colors_info=&#8221;{}&#8221;]<\/p>\n<p class=\"x_elementToProof\">\n<p class=\"x_elementToProof\">ApraJAfalv\u00e1n az 1.a oszt\u00e1ly kar\u00e1csony k\u00f6zeledt\u00e9vel nemcsak az iskola tanul\u00f3inak sz\u00edv\u00e9be hozta el a szeretet \u00fcnnep\u00e9t, hanem a sz\u00fcl\u0151k lelk\u00e9ben is felgy\u00fajtotta a Szent Kar\u00e1csony l\u00e1ngj\u00e1t.<\/p>\n<div>Meglepet\u00e9s gyan\u00e1nt az oszt\u00e1ly tanul\u00f3i ezt a l\u00e1ngot tov\u00e1bb vitt\u00e9k a Csicserg\u0151 \u00f3voda csemet\u00e9i k\u00f6z\u00e9. Csillog\u00f3 szemekkel, t\u00fcrelemmel, \u00e9rdekl\u0151d\u00e9ssel hallgatt\u00e1k v\u00e9gig a betlehemez\u00e9st.<\/div>\n<p>[\/et_pb_text][et_pb_gallery gallery_ids=&#8221;25572,25571,25570,25569,25568,25567,25566,25565,25564,25563,25562,25561,25560,25559,25558,25557,25556&#8243; posts_number=&#8221;8&#8243; _builder_version=&#8221;4.13.1&#8243; _module_preset=&#8221;default&#8221; hover_enabled=&#8221;0&#8243; global_colors_info=&#8221;{}&#8221; gallery_orderby=&#8221;rand&#8221; show_title_and_caption=&#8221;off&#8221; sticky_enabled=&#8221;0&#8243;][\/et_pb_gallery][\/et_pb_column][\/et_pb_row][\/et_pb_section]<\/p>\n","protected":false},"excerpt":{"rendered":"<p>ApraJAfalv\u00e1n az 1.a oszt\u00e1ly kar\u00e1csony k\u00f6zeledt\u00e9vel nemcsak az iskola tanul\u00f3inak sz\u00edv\u00e9be hozta el a szeretet \u00fcnnep\u00e9t, hanem a sz\u00fcl\u0151k lelk\u00e9ben is felgy\u00fajtotta a Szent Kar\u00e1csony l\u00e1ngj\u00e1t. Meglepet\u00e9s gyan\u00e1nt az oszt\u00e1ly [&hellip;]<\/p>\n","protected":false},"author":4,"featured_media":25565,"comment_status":"closed","ping_status":"closed","sticky":false,"template":"","format":"standard","meta":{"_et_pb_use_builder":"on","_et_pb_old_content":"<p class=\"x_elementToProof\">\u00a0<\/p><p class=\"x_elementToProof\">ApraJAfalv\u00e1n az 1.a oszt\u00e1ly kar\u00e1csony k\u00f6zeledt\u00e9vel nemcsak az iskola tanul\u00f3inak sz\u00edv\u00e9be hozta el a szeretet \u00fcnnep\u00e9t, hanem a sz\u00fcl\u0151k lelk\u00e9ben is felgy\u00fajtotta a Szent Kar\u00e1csony l\u00e1ngj\u00e1t.\u00a0<\/p><div>Meglepet\u00e9s gyan\u00e1nt az oszt\u00e1ly tanul\u00f3i ezt a l\u00e1ngot tov\u00e1bb vitt\u00e9k a Csicserg\u0151 \u00f3voda csemet\u00e9i k\u00f6z\u00e9. Csillog\u00f3 szemekkel, t\u00fcrelemmel, \u00e9rdekl\u0151d\u00e9ssel hallgatt\u00e1k v\u00e9gig a betlehemez\u00e9st.<\/div>","_et_gb_content_width":"","cybocfi_hide_featured_image":"","footnotes":""},"categories":[4],"tags":[],"class_list":["post-25538","post","type-post","status-publish","format-standard","has-post-thumbnail","hentry","category-hirek"],"jetpack_featured_media_url":"https:\/\/i0.wp.com\/szigja.hu\/2021\/wp-content\/uploads\/2023\/12\/1703058604208.jpeg?fit=2000%2C1500&ssl=1","_links":{"self":[{"href":"https:\/\/szigja.hu\/2021\/wp-json\/wp\/v2\/posts\/25538","targetHints":{"allow":["GET"]}}],"collection":[{"href":"https:\/\/szigja.hu\/2021\/wp-json\/wp\/v2\/posts"}],"about":[{"href":"https:\/\/szigja.hu\/2021\/wp-json\/wp\/v2\/types\/post"}],"author":[{"embeddable":true,"href":"https:\/\/szigja.hu\/2021\/wp-json\/wp\/v2\/users\/4"}],"replies":[{"embeddable":true,"href":"https:\/\/szigja.hu\/2021\/wp-json\/wp\/v2\/comments?post=25538"}],"version-history":[{"count":5,"href":"https:\/\/szigja.hu\/2021\/wp-json\/wp\/v2\/posts\/25538\/revisions"}],"predecessor-version":[{"id":25608,"href":"https:\/\/szigja.hu\/2021\/wp-json\/wp\/v2\/posts\/25538\/revisions\/25608"}],"wp:featuredmedia":[{"embeddable":true,"href":"https:\/\/szigja.hu\/2021\/wp-json\/wp\/v2\/media\/25565"}],"wp:attachment":[{"href":"https:\/\/szigja.hu\/2021\/wp-json\/wp\/v2\/media?parent=25538"}],"wp:term":[{"taxonomy":"category","embeddable":true,"href":"https:\/\/szigja.hu\/2021\/wp-json\/wp\/v2\/categories?post=25538"},{"taxonomy":"post_tag","embeddable":true,"href":"https:\/\/szigja.hu\/2021\/wp-json\/wp\/v2\/tags?post=25538"}],"curies":[{"name":"wp","href":"https:\/\/api.w.org\/{rel}","templated":true}]}}