{"id":26151,"date":"2024-04-19T07:47:03","date_gmt":"2024-04-19T07:47:03","guid":{"rendered":"https:\/\/szigja.hu\/2021\/?p=26151"},"modified":"2024-04-19T07:47:06","modified_gmt":"2024-04-19T07:47:06","slug":"tanuloi-versenyeredmeny-foldrajz","status":"publish","type":"post","link":"https:\/\/szigja.hu\/2021\/2024\/04\/19\/tanuloi-versenyeredmeny-foldrajz\/","title":{"rendered":"Tanul\u00f3i versenyeredm\u00e9ny &#8211; F\u00f6ldrajz"},"content":{"rendered":"<p>[et_pb_section fb_built=&#8221;1&#8243; _builder_version=&#8221;4.13.0&#8243; _module_preset=&#8221;default&#8221; global_colors_info=&#8221;{}&#8221;][et_pb_row _builder_version=&#8221;4.13.0&#8243; _module_preset=&#8221;default&#8221; global_colors_info=&#8221;{}&#8221;][et_pb_column type=&#8221;4_4&#8243; _builder_version=&#8221;4.13.0&#8243; _module_preset=&#8221;default&#8221; global_colors_info=&#8221;{}&#8221;][et_pb_text _builder_version=&#8221;4.13.1&#8243; _module_preset=&#8221;default&#8221; hover_enabled=&#8221;0&#8243; global_colors_info=&#8221;{}&#8221; sticky_enabled=&#8221;0&#8243;]<\/p>\n<p><strong>A siker folytat\u00f3dott a F\u00f6ldrajz Versenyen<\/strong><\/p>\n<p>Iskol\u00e1nkat <strong>Z\u00e1rraga- Puha Pablo 7.B oszt\u00e1lyos tanul\u00f3 k\u00e9pviselte<\/strong> a XXXII.Teleki P\u00e1l K\u00e1rp\u00e1t-medencei F\u00f6ldrajz-F\u00f6ldtan Verseny v\u00e1rmegyei d\u00f6nt\u0151j\u00e9n. A versenyt m\u00e1rciusban, a tavaszi sz\u00fcnet el\u0151tti h\u00e9ten rendezt\u00e9k meg, Buda\u00f6rs\u00f6n. Sipos G\u00e1bor tan\u00e1r \u00far tan\u00edtv\u00e1nya a legjobb eredm\u00e9nyt ny\u00fajtva jutott tov\u00e1bb az iskolai fordul\u00f3b\u00f3l.<\/p>\n<p><strong>A v\u00e1rmegyei d\u00f6nt\u0151n az el\u0151kel\u0151 2. helyez\u00e9st \u00e9rte el a 7.-8. \u00e9vfolyamosok k\u00f6z\u00f6tt.<\/strong> K\u00e9t ponttal maradt csak le az els\u0151 helyezett\u0151l.<\/p>\n<p>Pablo \u00e9rdekl\u0151d\u00e9se a f\u00f6ldrajzon bel\u00fcl: f\u0151k\u00e9nt a t\u00e9rk\u00e9p\u00e9szet \u00e9s a geol\u00f3gia ir\u00e1ny\u00e1ban kiemelked\u0151.\u00a0Tehets\u00e9ge, kitart\u00e1sa, nagyfok\u00fa k\u00edv\u00e1ncsis\u00e1ggal p\u00e1rosul. Az iskolai tananyagon k\u00edv\u00fcl sz\u00e1mos m\u00e1s forr\u00e1sb\u00f3l gy\u0171jt inform\u00e1ci\u00f3kat a felk\u00e9sz\u00fcl\u00e9s\u00e9hez.<\/p>\n<p>Gratul\u00e1lunk Pablonak a kimagasl\u00f3 teljes\u00edtm\u00e9ny\u00e9hez!<\/p>\n<p>[\/et_pb_text][et_pb_gallery gallery_ids=&#8221;26150,26149&#8243; posts_number=&#8221;10&#8243; show_title_and_caption=&#8221;off&#8221; _builder_version=&#8221;4.13.1&#8243; _module_preset=&#8221;default&#8221; global_colors_info=&#8221;{}&#8221;][\/et_pb_gallery][\/et_pb_column][\/et_pb_row][\/et_pb_section]<\/p>\n","protected":false},"excerpt":{"rendered":"<p>A siker folytat\u00f3dott a F\u00f6ldrajz Versenyen Iskol\u00e1nkat Z\u00e1rraga- Puha Pablo 7.B oszt\u00e1lyos tanul\u00f3 k\u00e9pviselte a XXXII.Teleki P\u00e1l K\u00e1rp\u00e1t-medencei F\u00f6ldrajz-F\u00f6ldtan Verseny v\u00e1rmegyei d\u00f6nt\u0151j\u00e9n. A versenyt m\u00e1rciusban, a tavaszi sz\u00fcnet el\u0151tti h\u00e9ten [&hellip;]<\/p>\n","protected":false},"author":4,"featured_media":26156,"comment_status":"closed","ping_status":"closed","sticky":false,"template":"","format":"standard","meta":{"_et_pb_use_builder":"on","_et_pb_old_content":"","_et_gb_content_width":"","cybocfi_hide_featured_image":"","footnotes":""},"categories":[4],"tags":[],"class_list":["post-26151","post","type-post","status-publish","format-standard","has-post-thumbnail","hentry","category-hirek"],"jetpack_featured_media_url":"https:\/\/i0.wp.com\/szigja.hu\/2021\/wp-content\/uploads\/2024\/04\/pablo-kiemelt.jpg?fit=1368%2C1308&ssl=1","_links":{"self":[{"href":"https:\/\/szigja.hu\/2021\/wp-json\/wp\/v2\/posts\/26151","targetHints":{"allow":["GET"]}}],"collection":[{"href":"https:\/\/szigja.hu\/2021\/wp-json\/wp\/v2\/posts"}],"about":[{"href":"https:\/\/szigja.hu\/2021\/wp-json\/wp\/v2\/types\/post"}],"author":[{"embeddable":true,"href":"https:\/\/szigja.hu\/2021\/wp-json\/wp\/v2\/users\/4"}],"replies":[{"embeddable":true,"href":"https:\/\/szigja.hu\/2021\/wp-json\/wp\/v2\/comments?post=26151"}],"version-history":[{"count":5,"href":"https:\/\/szigja.hu\/2021\/wp-json\/wp\/v2\/posts\/26151\/revisions"}],"predecessor-version":[{"id":26161,"href":"https:\/\/szigja.hu\/2021\/wp-json\/wp\/v2\/posts\/26151\/revisions\/26161"}],"wp:featuredmedia":[{"embeddable":true,"href":"https:\/\/szigja.hu\/2021\/wp-json\/wp\/v2\/media\/26156"}],"wp:attachment":[{"href":"https:\/\/szigja.hu\/2021\/wp-json\/wp\/v2\/media?parent=26151"}],"wp:term":[{"taxonomy":"category","embeddable":true,"href":"https:\/\/szigja.hu\/2021\/wp-json\/wp\/v2\/categories?post=26151"},{"taxonomy":"post_tag","embeddable":true,"href":"https:\/\/szigja.hu\/2021\/wp-json\/wp\/v2\/tags?post=26151"}],"curies":[{"name":"wp","href":"https:\/\/api.w.org\/{rel}","templated":true}]}}