{"id":26196,"date":"2024-04-26T08:19:45","date_gmt":"2024-04-26T08:19:45","guid":{"rendered":"https:\/\/szigja.hu\/2021\/?p=26196"},"modified":"2024-04-26T08:19:50","modified_gmt":"2024-04-26T08:19:50","slug":"fotopalyazat","status":"publish","type":"post","link":"https:\/\/szigja.hu\/2021\/2024\/04\/26\/fotopalyazat\/","title":{"rendered":"Fot\u00f3p\u00e1ly\u00e1zat"},"content":{"rendered":"<p>[et_pb_section fb_built=&#8221;1&#8243; _builder_version=&#8221;4.13.0&#8243; _module_preset=&#8221;default&#8221; global_colors_info=&#8221;{}&#8221; theme_builder_area=&#8221;post_content&#8221;][et_pb_row _builder_version=&#8221;4.13.0&#8243; _module_preset=&#8221;default&#8221; global_colors_info=&#8221;{}&#8221; theme_builder_area=&#8221;post_content&#8221;][et_pb_column type=&#8221;4_4&#8243; _builder_version=&#8221;4.13.0&#8243; _module_preset=&#8221;default&#8221; global_colors_info=&#8221;{}&#8221; theme_builder_area=&#8221;post_content&#8221;][et_pb_text _builder_version=&#8221;4.13.1&#8243; _module_preset=&#8221;default&#8221; hover_enabled=&#8221;0&#8243; global_colors_info=&#8221;{}&#8221; theme_builder_area=&#8221;post_content&#8221; sticky_enabled=&#8221;0&#8243;]<\/p>\n<p style=\"text-align: center;\"><strong>Kedvenc \u00a0h\u00e1zi\u00e1llatom<\/strong><\/p>\n<p>&nbsp;<\/p>\n<p>M\u00e1rciusban, fot\u00f3p\u00e1ly\u00e1zatot hirdett\u00fcnk fels\u0151 tagozatos di\u00e1kjaink k\u00f6r\u00e9ben. A p\u00e1ly\u00e1zatra a h\u00e1zi kedvenceikr\u0151l vicces, \u00e9rdekes, cuki vagy ak\u00e1r m\u0171v\u00e9szi fot\u00f3kat k\u00e9rt\u00fcnk a gyerekekt\u0151l. T\u00f6bb c\u00e9lunk is volt az esem\u00e9ny megszervez\u00e9s\u00e9vel.Szeretn\u00e9nk folytatni a p\u00e1r \u00e9vvel ezel\u0151tti hagyom\u00e1nyt, miszerint minden tavasszal megszervezz\u00fck a versenyt m\u00e1s- m\u00e1s t\u00e9mak\u00f6rben.Az iskol\u00e1nk egyik szeglet\u00e9ben kialak\u00edtottunk egy \u00e9vr\u0151l -\u00e9vre b\u0151v\u00fcl\u0151 t\u00e1rlatot, ahol a legszebb fot\u00f3kat mindenki megtekintheti.Az eredm\u00e9nyhirdet\u00e9st a Fenntarthat\u00f3s\u00e1gi T\u00e9mah\u00e9t keret\u00e9ben szervezt\u00fck, felh\u00edvva a figyelmet a felel\u0151s \u00e1llattart\u00e1sra. Kit\u00e9tel volt, hogy a fot\u00f3kat olyan \u00e1llatokr\u00f3l k\u00e9sz\u00edts\u00e9k a di\u00e1kjaink, amelyeknek tart\u00e1s\u00e1\u00e9rt \u00e9s gondoz\u00e1s\u00e1\u00e9rt teljesen vagy r\u00e9szben \u0151k felelnek.<\/p>\n<p>A k\u00e9pek \u00e9rt\u00e9kel\u00e9s\u00e9ben 7 tan\u00e1r \u00e9s 4 nyolcadikos di\u00e1kunk vett r\u00e9szt. Mindenki m\u00e1s \u00e9s m\u00e1s szempont alapj\u00e1n pontozott, ez\u00e9rt szoros lett a v\u00e9geredm\u00e9ny.Szerintem minden fot\u00f3 arr\u00f3l tan\u00faskodik, hogy a gazdik sok szeretettel, t\u00f6r\u0151d\u00e9ssel, odafigyel\u00e9ssel gondoskodnak a h\u00e1zi kedvencekr\u0151l.<\/p>\n<p>K\u00f6sz\u00f6nj\u00fck tanul\u00f3inknak az aranyos \u00e9s m\u00f3k\u00e1s k\u00e9peket! Gratul\u00e1lunk az eredm\u00e9nyekhez!<\/p>\n<p>Pandurn\u00e9 Barbi D\u00f3ra szervez\u0151 tan\u00e1r<\/p>\n<ol>\n<li><strong>hely Demeter Fruzsina 6.a : Kukucs!<\/strong><\/li>\n<li><strong>hely Palot\u00e1s Luca 6.a : Mi van odalent?<\/strong><\/li>\n<li><strong>hely Kov\u00e1cs D\u00e1vid 7.e: Zizi<\/strong><\/li>\n<\/ol>\n<p><strong>K\u00dcL\u00d6ND\u00cdJ a legkreat\u00edvabb k\u00e9p\u00e9rt &#8211; Simon Szonja 7.e &#8211; Tavaszi mez\u0151n. <\/strong><\/p>\n<p><strong>K\u00dcL\u00d6ND\u00cdJ a legjobb pillanatk\u00e9p\u00e9rt: Szabari Marcell 6.a &#8211; \u00c1lmos r\u00f3kal\u00e1ny.\u00a0 <\/strong><\/p>\n<p><strong>Demeter Fruzsina 6.a: \u0150rszem<\/strong><\/p>\n<p><strong>Monhalt Bercel 6.a: J\u00e1t\u00e9kra fel!<\/strong><\/p>\n<p><strong>Monhalt Bercel 6.a: Pihen\u0151 id\u0151<\/strong><\/p>\n<p><strong>Palot\u00e1s Luca 6.a: Kicsi cica nagy kos\u00e1rban.<\/strong><\/p>\n<p><strong>Sohajda Bernadett 7.b: Gyere j\u00e1tszani!<\/strong><\/p>\n<p><strong>Sohajda Bernadett 7.b: Yogobella<\/strong><\/p>\n<p><strong>Strublics Al\u00edz 5.c: Hasi simi<\/strong><\/p>\n<p><strong>Strublics Al\u00edz 5.c: Karmol\u00e1s el\u0151tti pillanat<\/strong><\/p>\n<p><strong>Szabari Marcell 6.a: Ez finom volt!<\/strong><\/p>\n<p><strong>T\u00f6r\u00f6k Rich\u00e1rd7.a: Kis k\u00edv\u00e1ncsi<\/strong><\/p>\n<p><strong>T\u00f6r\u00f6k Rich\u00e1rd7.a: Happy dog<\/strong><\/p>\n<p><strong>T\u00f6r\u00f6k Rich\u00e1rd7.a: Lizi<\/strong><\/p>\n<p><strong>T\u00f6r\u00f6k Rich\u00e1rd7.a : Lizi \u00e9s Mul\u00e1n <\/strong><\/p>\n<p><strong>Szil\u00e1gyi Ferenc 5.c : Szusi<\/strong><\/p>\n<p><strong>Alfonz \u00e9s Merlin<\/strong><\/p>\n<p><strong>Borisz<\/strong><\/p>\n<p>[\/et_pb_text][et_pb_gallery gallery_ids=&#8221;26192,26193&#8243; posts_number=&#8221;10&#8243; show_title_and_caption=&#8221;off&#8221; _builder_version=&#8221;4.13.1&#8243; _module_preset=&#8221;default&#8221; hover_enabled=&#8221;0&#8243; global_colors_info=&#8221;{}&#8221; theme_builder_area=&#8221;post_content&#8221; sticky_enabled=&#8221;0&#8243;][\/et_pb_gallery][\/et_pb_column][\/et_pb_row][\/et_pb_section]<\/p>\n","protected":false},"excerpt":{"rendered":"<p>Kedvenc \u00a0h\u00e1zi\u00e1llatom &nbsp; M\u00e1rciusban, fot\u00f3p\u00e1ly\u00e1zatot hirdett\u00fcnk fels\u0151 tagozatos di\u00e1kjaink k\u00f6r\u00e9ben. A p\u00e1ly\u00e1zatra a h\u00e1zi kedvenceikr\u0151l vicces, \u00e9rdekes, cuki vagy ak\u00e1r m\u0171v\u00e9szi fot\u00f3kat k\u00e9rt\u00fcnk a gyerekekt\u0151l. T\u00f6bb c\u00e9lunk is volt az [&hellip;]<\/p>\n","protected":false},"author":4,"featured_media":26193,"comment_status":"closed","ping_status":"closed","sticky":false,"template":"","format":"standard","meta":{"_et_pb_use_builder":"on","_et_pb_old_content":"","_et_gb_content_width":"","cybocfi_hide_featured_image":"","footnotes":""},"categories":[4],"tags":[],"class_list":["post-26196","post","type-post","status-publish","format-standard","has-post-thumbnail","hentry","category-hirek"],"jetpack_featured_media_url":"https:\/\/i0.wp.com\/szigja.hu\/2021\/wp-content\/uploads\/2024\/04\/eredmenyhirdetes-scaled.jpg?fit=2560%2C1152&ssl=1","_links":{"self":[{"href":"https:\/\/szigja.hu\/2021\/wp-json\/wp\/v2\/posts\/26196","targetHints":{"allow":["GET"]}}],"collection":[{"href":"https:\/\/szigja.hu\/2021\/wp-json\/wp\/v2\/posts"}],"about":[{"href":"https:\/\/szigja.hu\/2021\/wp-json\/wp\/v2\/types\/post"}],"author":[{"embeddable":true,"href":"https:\/\/szigja.hu\/2021\/wp-json\/wp\/v2\/users\/4"}],"replies":[{"embeddable":true,"href":"https:\/\/szigja.hu\/2021\/wp-json\/wp\/v2\/comments?post=26196"}],"version-history":[{"count":3,"href":"https:\/\/szigja.hu\/2021\/wp-json\/wp\/v2\/posts\/26196\/revisions"}],"predecessor-version":[{"id":26200,"href":"https:\/\/szigja.hu\/2021\/wp-json\/wp\/v2\/posts\/26196\/revisions\/26200"}],"wp:featuredmedia":[{"embeddable":true,"href":"https:\/\/szigja.hu\/2021\/wp-json\/wp\/v2\/media\/26193"}],"wp:attachment":[{"href":"https:\/\/szigja.hu\/2021\/wp-json\/wp\/v2\/media?parent=26196"}],"wp:term":[{"taxonomy":"category","embeddable":true,"href":"https:\/\/szigja.hu\/2021\/wp-json\/wp\/v2\/categories?post=26196"},{"taxonomy":"post_tag","embeddable":true,"href":"https:\/\/szigja.hu\/2021\/wp-json\/wp\/v2\/tags?post=26196"}],"curies":[{"name":"wp","href":"https:\/\/api.w.org\/{rel}","templated":true}]}}