{"id":26242,"date":"2024-05-08T09:50:09","date_gmt":"2024-05-08T09:50:09","guid":{"rendered":"https:\/\/szigja.hu\/2021\/?p=26242"},"modified":"2024-05-08T09:50:14","modified_gmt":"2024-05-08T09:50:14","slug":"eredmenyhirdetes","status":"publish","type":"post","link":"https:\/\/szigja.hu\/2021\/2024\/05\/08\/eredmenyhirdetes\/","title":{"rendered":"Eredm\u00e9nyhirdet\u00e9s"},"content":{"rendered":"<p>[et_pb_section fb_built=&#8221;1&#8243; _builder_version=&#8221;4.13.0&#8243; _module_preset=&#8221;default&#8221; global_colors_info=&#8221;{}&#8221; theme_builder_area=&#8221;post_content&#8221;][et_pb_row _builder_version=&#8221;4.13.0&#8243; _module_preset=&#8221;default&#8221; global_colors_info=&#8221;{}&#8221; theme_builder_area=&#8221;post_content&#8221;][et_pb_column type=&#8221;4_4&#8243; _builder_version=&#8221;4.13.0&#8243; _module_preset=&#8221;default&#8221; global_colors_info=&#8221;{}&#8221; theme_builder_area=&#8221;post_content&#8221;][et_pb_text _builder_version=&#8221;4.13.1&#8243; _module_preset=&#8221;default&#8221; hover_enabled=&#8221;0&#8243; global_colors_info=&#8221;{}&#8221; theme_builder_area=&#8221;post_content&#8221; sticky_enabled=&#8221;0&#8243;]<\/p>\n<p style=\"text-align: center;\"><strong>CSEPEL-SZIGET IFJ\u00da TEHETS\u00c9GEI<\/strong><\/p>\n<p style=\"text-align: center;\"><strong>XXIII. Region\u00e1lis K\u00e9pz\u0151- \u00e9s Iparm\u0171v\u00e9szeti p\u00e1ly\u00e1zat eredm\u00e9nyhirdet\u00e9s<\/strong><\/p>\n<p>2024.\u00e1prilis 24-\u00e9n, szerd\u00e1n tartott\u00e1k a \u201eCSEPEL-SZIGET IFJ\u00da TEHETS\u00c9GEI XXIII. Region\u00e1lis K\u00e9pz\u0151- \u00e9s Iparm\u0171v\u00e9szeti p\u00e1ly\u00e1zat\u201d eredm\u00e9nyhirdet\u00e9s\u00e9t, melyre a Szigetszentmikl\u00f3si \u00c1d\u00e1m Jen\u0151 \u00c1ltal\u00e1nos Iskola \u00e9s Alapfok\u00fa M\u0171v\u00e9szeti Iskola Csokonai utcai telephely\u00e9nek n\u00e9h\u00e1ny m\u0171v\u00e9szeti iskol\u00e1s tanul\u00f3j\u00e1t \u00e9s pedag\u00f3gus\u00e1t is megh\u00edvt\u00e1k.<\/p>\n<p>A p\u00e1ly\u00e1zatra a r\u00e9gi\u00f3 28 int\u00e9zm\u00e9ny\u00e9b\u0151l sok sz\u00e1z k\u00e9pz\u0151m\u0171v\u00e9szeti alkot\u00e1s \u00e9rkezett, melyeket m\u0171v\u00e9szekb\u0151l \u00e1ll\u00f3 zs\u0171ri \u00e9rt\u00e9kelt.<\/p>\n<p><strong><em><u>Eredm\u00e9nyeink:<\/u><\/em><\/strong><\/p>\n<p>I.korcsoport \u2013 SZABADON V\u00c1LASZTOTT T\u00c9MA<\/p>\n<p><strong>Alm\u00e1si-F\u00fczi S\u00e1ra Anna <\/strong>2.a \u2013 \u201eHurr\u00e1, esik a h\u00f3!\u201d \u2013 <strong>K\u00dcL\u00d6ND\u00cdJ<\/strong><\/p>\n<p><em>Felk\u00e9sz\u00edt\u0151 pedag\u00f3gus: Bokros Borb\u00e1la<\/em><\/p>\n<p><strong>\u00a0<\/strong>I.korcsoport \u2013 \u00c1TKEL\u00c9S T\u00c9MA<\/p>\n<p><strong>Toldi Rozina<\/strong> 3.d \u2013\u00a0 \u201e\u00c1tkel\u00e9s var\u00e1zslatos \u00e1lomvil\u00e1gomba\u201d\u00a0 \u2013 <strong>\u00a0F\u0150D\u00cdJ<\/strong><\/p>\n<p><em>Felk\u00e9sz\u00edt\u0151 pedag\u00f3gus: Tam\u00e1s L\u00edvia<\/em><\/p>\n<p><em>\u00a0<\/em>Gratul\u00e1lunk minden p\u00e1ly\u00e1zaton r\u00e9sztvev\u0151 di\u00e1knak \u00e9s felk\u00e9sz\u00edt\u0151 tan\u00e1raiknak!<\/p>\n<p>[\/et_pb_text][et_pb_gallery gallery_ids=&#8221;26237,26236,26235&#8243; posts_number=&#8221;10&#8243; show_title_and_caption=&#8221;off&#8221; _builder_version=&#8221;4.13.1&#8243; _module_preset=&#8221;default&#8221; hover_enabled=&#8221;0&#8243; global_colors_info=&#8221;{}&#8221; theme_builder_area=&#8221;post_content&#8221; sticky_enabled=&#8221;0&#8243;][\/et_pb_gallery][\/et_pb_column][\/et_pb_row][\/et_pb_section]<\/p>\n","protected":false},"excerpt":{"rendered":"<p>CSEPEL-SZIGET IFJ\u00da TEHETS\u00c9GEI XXIII. Region\u00e1lis K\u00e9pz\u0151- \u00e9s Iparm\u0171v\u00e9szeti p\u00e1ly\u00e1zat eredm\u00e9nyhirdet\u00e9s 2024.\u00e1prilis 24-\u00e9n, szerd\u00e1n tartott\u00e1k a \u201eCSEPEL-SZIGET IFJ\u00da TEHETS\u00c9GEI XXIII. Region\u00e1lis K\u00e9pz\u0151- \u00e9s Iparm\u0171v\u00e9szeti p\u00e1ly\u00e1zat\u201d eredm\u00e9nyhirdet\u00e9s\u00e9t, melyre a Szigetszentmikl\u00f3si \u00c1d\u00e1m Jen\u0151 [&hellip;]<\/p>\n","protected":false},"author":4,"featured_media":26235,"comment_status":"closed","ping_status":"closed","sticky":false,"template":"","format":"standard","meta":{"_et_pb_use_builder":"on","_et_pb_old_content":"","_et_gb_content_width":"","cybocfi_hide_featured_image":"","footnotes":""},"categories":[4],"tags":[],"class_list":["post-26242","post","type-post","status-publish","format-standard","has-post-thumbnail","hentry","category-hirek"],"jetpack_featured_media_url":"https:\/\/i0.wp.com\/szigja.hu\/2021\/wp-content\/uploads\/2024\/05\/csepel-sz_2024-1.jpg?fit=431%2C578&ssl=1","_links":{"self":[{"href":"https:\/\/szigja.hu\/2021\/wp-json\/wp\/v2\/posts\/26242","targetHints":{"allow":["GET"]}}],"collection":[{"href":"https:\/\/szigja.hu\/2021\/wp-json\/wp\/v2\/posts"}],"about":[{"href":"https:\/\/szigja.hu\/2021\/wp-json\/wp\/v2\/types\/post"}],"author":[{"embeddable":true,"href":"https:\/\/szigja.hu\/2021\/wp-json\/wp\/v2\/users\/4"}],"replies":[{"embeddable":true,"href":"https:\/\/szigja.hu\/2021\/wp-json\/wp\/v2\/comments?post=26242"}],"version-history":[{"count":3,"href":"https:\/\/szigja.hu\/2021\/wp-json\/wp\/v2\/posts\/26242\/revisions"}],"predecessor-version":[{"id":26246,"href":"https:\/\/szigja.hu\/2021\/wp-json\/wp\/v2\/posts\/26242\/revisions\/26246"}],"wp:featuredmedia":[{"embeddable":true,"href":"https:\/\/szigja.hu\/2021\/wp-json\/wp\/v2\/media\/26235"}],"wp:attachment":[{"href":"https:\/\/szigja.hu\/2021\/wp-json\/wp\/v2\/media?parent=26242"}],"wp:term":[{"taxonomy":"category","embeddable":true,"href":"https:\/\/szigja.hu\/2021\/wp-json\/wp\/v2\/categories?post=26242"},{"taxonomy":"post_tag","embeddable":true,"href":"https:\/\/szigja.hu\/2021\/wp-json\/wp\/v2\/tags?post=26242"}],"curies":[{"name":"wp","href":"https:\/\/api.w.org\/{rel}","templated":true}]}}