{"id":26474,"date":"2024-06-06T10:31:15","date_gmt":"2024-06-06T10:31:15","guid":{"rendered":"https:\/\/szigja.hu\/2021\/?p=26474"},"modified":"2024-06-06T10:31:15","modified_gmt":"2024-06-06T10:31:15","slug":"szigetszentmiklos-csalad-es-gyermekjoleti-kozpont-nyari-napkozis-tabor","status":"publish","type":"post","link":"https:\/\/szigja.hu\/2021\/2024\/06\/06\/szigetszentmiklos-csalad-es-gyermekjoleti-kozpont-nyari-napkozis-tabor\/","title":{"rendered":"Szigetszentmikl\u00f3s Csal\u00e1d- \u00e9s Gyermekj\u00f3l\u00e9ti K\u00f6zpont ny\u00e1ri napk\u00f6zis t\u00e1bor"},"content":{"rendered":"<p>T\u00e1borunk szigetszentmikl\u00f3si bejelentett lakc\u00edmmel rendelkez\u0151 gyermekek r\u00e9sz\u00e9re, 2024. j\u00fanius 24-t\u0151l augusztus 31-ig \u00e9rhet\u0151 el, heti turnusokban, h\u00e9tf\u0151t\u0151l p\u00e9ntekig reggel 8-t\u00f3l 16 \u00f3r\u00e1ig. Azokat az \u00e1ltal\u00e1nos iskol\u00e1s gyermekeket tudjuk fogadni, akik az els\u0151 oszt\u00e1lyt m\u00e1r befejezt\u00e9k.<\/p>\n<p><strong>Helysz\u00ednek: <\/strong><\/p>\n<ol start=\"2024\">\n<li>j\u00fanius 24 \u2013 j\u00falius 31. k\u00f6z\u00f6tt a Szigetszentmikl\u00f3si B\u00edr\u00f3 Lajos \u00c1ltal\u00e1nos Iskola<\/li>\n<li>augusztus 1 \u2013 31. k\u00f6z\u00f6tt az \u00d6nkorm\u00e1nyzat Duna-parti \u00fcd\u00fcl\u0151je (\u00c1d\u00e1m Jen\u0151 s\u00e9t\u00e1ny 278.)<\/li>\n<\/ol>\n<p>A gyermekek r\u00e9sz\u00e9re napi h\u00e1romszori \u00e9tkez\u00e9st biztos\u00edtunk, melynek heti d\u00edja 5.625- forint, melyet int\u00e9zm\u00e9ny\u00fcnkben kapott csekken kell befizetni. Csak eg\u00e9sz h\u00e9tre lehet jelentkezni, t\u00f6rt h\u00e9tre nem.<\/p>\n<p><strong>Jelentkez\u00e9s m\u00f3dja: <\/strong><\/p>\n<p>Int\u00e9zm\u00e9ny\u00fcnkben (<u>2310 Szigetszentmikl\u00f3s, Gy\u00e1ri \u00fat 21.<\/u>) szem\u00e9lyesen, nyitva tart\u00e1si id\u0151ben, h\u00e9tf\u0151t\u0151l szerd\u00e1ig (h\u00e9tf\u0151: 9.00-18.00, kedd: 8.00-17.00, szerda 9.00-16.00 \u00f3ra) lehet jelentkezni az ig\u00e9nybe venni k\u00edv\u00e1nt h\u00e9t el\u0151tti h\u00e9ten. Ki kell t\u00f6lteni a jelentkez\u00e9si lapot, eg\u00e9szs\u00e9g\u00fcgyi nyilatkozatot, hozz\u00e1j\u00e1rul\u00f3 nyilatkozatot, a h\u00e1zirendet elolvasni \u00e9s al\u00e1\u00edrni, \u00e9s az \u00e1ltalunk adott csekket befizetni, \u00e9s legk\u00e9s\u0151bb szerda d\u00e9lut\u00e1n 16.00 \u00f3r\u00e1ig visszahozni.<\/p>\n<p>Telefonsz\u00e1munk: 0624\/443-367, 0620\/4045077<\/p>\n<p>Az \u00d6nkorm\u00e1nyzat a Szigetszentmikl\u00f3s Csal\u00e1d- \u00e9s Gyermekj\u00f3l\u00e9ti K\u00f6zpont \u00e1ltal biztos\u00edtja a szigetszentmikl\u00f3si lakc\u00edmmel \u00e9s Szigetszentikl\u00f3s v\u00e1ros k\u00f6zigazgat\u00e1si ter\u00fclet\u00e9n l\u00e9v\u0151 alapfok\u00fa k\u00f6znevel\u00e9si int\u00e9zm\u00e9nyekben tanul\u00f3i jogviszonnyal rendelkez\u0151 gyermekek sz\u00e1m\u00e1ra a gyermekek ny\u00e1ri napk\u00f6zbeni ell\u00e1t\u00e1s\u00e1t a Gyvt. alapj\u00e1n az \u00e1ltala fenntartott ny\u00e1ri napk\u00f6zis t\u00e1borban a m\u0171k\u00f6dtet\u0151 \u00e1ltal meghat\u00e1rozott id\u0151szakban.<\/p>\n<p>A Szigetszentmikl\u00f3s Csal\u00e1d- \u00e9s Gyermekj\u00f3l\u00e9ti K\u00f6zpont int\u00e9zm\u00e9nyvezet\u0151je a nem szigetszentmikl\u00f3si bejelentett lakc\u00edmmel, de Szigetszentmikl\u00f3s v\u00e1ros k\u00f6zigazgat\u00e1si ter\u00fclet\u00e9n l\u00e9v\u0151 alapfok\u00fa k\u00f6znevel\u00e9si int\u00e9zm\u00e9nyekben tanul\u00f3i jogviszonnyal rendelkez\u0151 gyermekek sz\u00e1m\u00e1ra a t\u00e1bor fennmarad\u00f3 szabad kapacit\u00e1sa terh\u00e9re \u2013 kiz\u00e1r\u00f3lag az illet\u00e9kes csal\u00e1dseg\u00edt\u0151 javaslata alapj\u00e1n \u2013 biztos\u00edtja a ny\u00e1ri napk\u00f6zi ig\u00e9nybev\u00e9tel\u00e9t, felt\u00e9ve, ha a k\u00e9relmez\u0151 legal\u00e1bb egyik sz\u00fcl\u0151je\/gondvisel\u0151je Szigetszentmikl\u00f3s\u00f3n l\u00e9v\u0151 munkahellyel rendelkezik.<\/p>\n<p>A ny\u00e1ri t\u00e1bort nem veheti(k) ig\u00e9nybe a gyermekgondoz\u00e1si seg\u00e9lyen, illetve gyermekgondoz\u00e1si d\u00edjon otthon tart\u00f3zkod\u00f3 sz\u00fcl\u0151 eset\u00e9ben az id\u0151sebb testv\u00e9r(ek).<\/p>\n<p>Ha a szigetszentmikl\u00f3si oktat\u00e1si int\u00e9zm\u00e9nyben tanul\u00f3 gyermek nem rendelkezik szigetszentmikl\u00f3si bejelentett lakc\u00edmmel \u00e9s egyik sz\u00fcl\u0151je, vagy gondvisel\u0151je sem dolgozik Szigetszentmikl\u00f3son, akkor a sz\u00fcl\u0151\/gondvisel\u0151 egy\u00e9ni k\u00e9relmet ny\u00fajthat be az int\u00e9zm\u00e9nyvezet\u0151 fel\u00e9 a t\u00e1bor ig\u00e9nybev\u00e9tele c\u00e9lj\u00e1b\u00f3l. Az elb\u00edr\u00e1l\u00e1s a szabad kapac\u00edt\u00e1s biztos\u00edtotta lehet\u0151s\u00e9gek szerint t\u00f6rt\u00e9nik.<\/p>\n<p>A N\u00c9BIH-el t\u00f6rt\u00e9nt egyeztet\u00e9s alapj\u00e1n a maxim\u00e1lis gyermekl\u00e9tsz\u00e1m: 70 f\u0151.<\/p>\n","protected":false},"excerpt":{"rendered":"<p>T\u00e1borunk szigetszentmikl\u00f3si bejelentett lakc\u00edmmel rendelkez\u0151 gyermekek r\u00e9sz\u00e9re, 2024. j\u00fanius 24-t\u0151l augusztus 31-ig \u00e9rhet\u0151 el, heti turnusokban, h\u00e9tf\u0151t\u0151l p\u00e9ntekig reggel 8-t\u00f3l 16 \u00f3r\u00e1ig. Azokat az \u00e1ltal\u00e1nos iskol\u00e1s gyermekeket tudjuk fogadni, akik [&hellip;]<\/p>\n","protected":false},"author":4,"featured_media":26476,"comment_status":"closed","ping_status":"closed","sticky":false,"template":"","format":"standard","meta":{"_et_pb_use_builder":"","_et_pb_old_content":"","_et_gb_content_width":"","cybocfi_hide_featured_image":"","footnotes":""},"categories":[12,4],"tags":[],"class_list":["post-26474","post","type-post","status-publish","format-standard","has-post-thumbnail","hentry","category-fontos","category-hirek"],"jetpack_featured_media_url":"https:\/\/i0.wp.com\/szigja.hu\/2021\/wp-content\/uploads\/2024\/06\/nyaritabor2.png?fit=501%2C350&ssl=1","_links":{"self":[{"href":"https:\/\/szigja.hu\/2021\/wp-json\/wp\/v2\/posts\/26474","targetHints":{"allow":["GET"]}}],"collection":[{"href":"https:\/\/szigja.hu\/2021\/wp-json\/wp\/v2\/posts"}],"about":[{"href":"https:\/\/szigja.hu\/2021\/wp-json\/wp\/v2\/types\/post"}],"author":[{"embeddable":true,"href":"https:\/\/szigja.hu\/2021\/wp-json\/wp\/v2\/users\/4"}],"replies":[{"embeddable":true,"href":"https:\/\/szigja.hu\/2021\/wp-json\/wp\/v2\/comments?post=26474"}],"version-history":[{"count":1,"href":"https:\/\/szigja.hu\/2021\/wp-json\/wp\/v2\/posts\/26474\/revisions"}],"predecessor-version":[{"id":26475,"href":"https:\/\/szigja.hu\/2021\/wp-json\/wp\/v2\/posts\/26474\/revisions\/26475"}],"wp:featuredmedia":[{"embeddable":true,"href":"https:\/\/szigja.hu\/2021\/wp-json\/wp\/v2\/media\/26476"}],"wp:attachment":[{"href":"https:\/\/szigja.hu\/2021\/wp-json\/wp\/v2\/media?parent=26474"}],"wp:term":[{"taxonomy":"category","embeddable":true,"href":"https:\/\/szigja.hu\/2021\/wp-json\/wp\/v2\/categories?post=26474"},{"taxonomy":"post_tag","embeddable":true,"href":"https:\/\/szigja.hu\/2021\/wp-json\/wp\/v2\/tags?post=26474"}],"curies":[{"name":"wp","href":"https:\/\/api.w.org\/{rel}","templated":true}]}}