{"id":27060,"date":"2024-11-15T10:34:51","date_gmt":"2024-11-15T10:34:51","guid":{"rendered":"https:\/\/szigja.hu\/2021\/?p=27060"},"modified":"2024-11-15T10:34:56","modified_gmt":"2024-11-15T10:34:56","slug":"tokfarago-verseny-5","status":"publish","type":"post","link":"https:\/\/szigja.hu\/2021\/2024\/11\/15\/tokfarago-verseny-5\/","title":{"rendered":"T\u00f6kfarag\u00f3 verseny"},"content":{"rendered":"<p>[et_pb_section fb_built=&#8221;1&#8243; _builder_version=&#8221;4.13.0&#8243; _module_preset=&#8221;default&#8221; global_colors_info=&#8221;{}&#8221; theme_builder_area=&#8221;post_content&#8221;][et_pb_row _builder_version=&#8221;4.13.0&#8243; _module_preset=&#8221;default&#8221; global_colors_info=&#8221;{}&#8221; theme_builder_area=&#8221;post_content&#8221;][et_pb_column type=&#8221;4_4&#8243; _builder_version=&#8221;4.13.0&#8243; _module_preset=&#8221;default&#8221; global_colors_info=&#8221;{}&#8221; theme_builder_area=&#8221;post_content&#8221;][et_pb_text _builder_version=&#8221;4.13.1&#8243; _module_preset=&#8221;default&#8221; hover_enabled=&#8221;0&#8243; global_colors_info=&#8221;{}&#8221; theme_builder_area=&#8221;post_content&#8221; sticky_enabled=&#8221;0&#8243;]<\/p>\n<p>Az id\u00e9n is megrendez\u00e9sre ker\u00fclt a t\u00f6kfarag\u00f3 verseny.<\/p>\n<p>A Csokonai \u00e9s a Radn\u00f3ti utcai \u00e9p\u00fcletbe is egyar\u00e1nt k\u00fcl\u00f6nleges alkot\u00e1sok \u00e9rkeztek be.<\/p>\n<p>Most k\u00e9t kateg\u00f3ri\u00e1ban nevezhettek a gyerekek: Hagyom\u00e1nyos halloween t\u00f6k, \u00e9s kreat\u00edv t\u00f6k.<\/p>\n<p>A szavaz\u00e1st a gyerekekre b\u00edztuk, \u00e9s a k\u00f6vetkez\u0151 eredm\u00e9nyek sz\u00fclettek:<\/p>\n<p><strong><u>Radn\u00f3ti Utcai \u00e9p\u00fclet<\/u><\/strong><strong>:<\/strong><\/p>\n<p><em>Hagyom\u00e1nyos kateg\u00f3ria:<\/em><\/p>\n<ol>\n<li>hely\u00a0 Solt Gerg\u0151 7.a<\/li>\n<li>hely\u00a0 Draskovcs Anna 4.d<\/li>\n<li>hely\u00a0 Nagy Minka 5.b<\/li>\n<\/ol>\n<p>K\u00fcl\u00f6nd\u00edj: Kiss Vanessza 5.a<\/p>\n<p>K\u00fcl\u00f6nd\u00edj: Draskovics Al\u00edz 6.c<\/p>\n<p><em>Kreat\u00edv kateg\u00f3ria:<\/em><\/p>\n<ol>\n<li>hely\u00a0 Gy\u00f6ngy\u00f6si Csongor 4.c<\/li>\n<li>hely\u00a0 Kulacsik Lizett 5.c<\/li>\n<li>hely\u00a0 Sz\u00e1szi Hanna 4.c<\/li>\n<\/ol>\n<p>K\u00fcl\u00f6nd\u00edj: Kov\u00e1cs Rita 7.b<\/p>\n<p>K\u00fcl\u00f6nd\u00edj: Kov\u00e1cs Zal\u00e1n 4.c<\/p>\n<p><strong><u>Csokonai utca<\/u><\/strong><\/p>\n<p><em>Hagyom\u00e1nyos kateg\u00f3ria:<\/em><\/p>\n<ol>\n<li>hely\u00a0 Kulin Adrienn 2.d<\/li>\n<li>hely\u00a0 B\u00e1lint Zsolt 1.d<\/li>\n<li>hely\u00a0 Bolya E. Lola 2.c\u00a0<\/li>\n<li>hely\u00a0 Klesch Hanna L\u00e9na 3.b\u00a0<\/li>\n<\/ol>\n<p>&nbsp;<\/p>\n<p><em>Kreat\u00edv kateg\u00f3ria:<\/em><\/p>\n<ol>\n<li>hely Gyenis Nat\u00e1lia 3.b<\/li>\n<li>hely Kov\u00e1cs Levente 1.c<\/li>\n<li>hely Moln\u00e1r Zo\u00e9 Hanna 2.d<\/li>\n<li>hely Vigh Lilien 2.d<\/li>\n<\/ol>\n<p>&nbsp;<\/p>\n<p>Nagy-Szilv\u00e1si Gabriella<\/p>\n<p>[\/et_pb_text][et_pb_gallery gallery_ids=&#8221;27059,27058,27057,27056,27055,27054,27053,27052,27051,27050,27049,27048,27047&#8243; posts_number=&#8221;10&#8243; show_title_and_caption=&#8221;off&#8221; _builder_version=&#8221;4.13.1&#8243; _module_preset=&#8221;default&#8221; hover_enabled=&#8221;0&#8243; global_colors_info=&#8221;{}&#8221; theme_builder_area=&#8221;post_content&#8221; sticky_enabled=&#8221;0&#8243;][\/et_pb_gallery][\/et_pb_column][\/et_pb_row][\/et_pb_section]<\/p>\n","protected":false},"excerpt":{"rendered":"<p>Az id\u00e9n is megrendez\u00e9sre ker\u00fclt a t\u00f6kfarag\u00f3 verseny. A Csokonai \u00e9s a Radn\u00f3ti utcai \u00e9p\u00fcletbe is egyar\u00e1nt k\u00fcl\u00f6nleges alkot\u00e1sok \u00e9rkeztek be. Most k\u00e9t kateg\u00f3ri\u00e1ban nevezhettek a gyerekek: Hagyom\u00e1nyos halloween t\u00f6k, [&hellip;]<\/p>\n","protected":false},"author":4,"featured_media":27048,"comment_status":"closed","ping_status":"closed","sticky":false,"template":"","format":"standard","meta":{"_et_pb_use_builder":"on","_et_pb_old_content":"","_et_gb_content_width":"","cybocfi_hide_featured_image":"","footnotes":""},"categories":[4],"tags":[],"class_list":["post-27060","post","type-post","status-publish","format-standard","has-post-thumbnail","hentry","category-hirek"],"jetpack_featured_media_url":"https:\/\/i0.wp.com\/szigja.hu\/2021\/wp-content\/uploads\/2024\/11\/2tTAG5XR.jpg?fit=1500%2C2000&ssl=1","_links":{"self":[{"href":"https:\/\/szigja.hu\/2021\/wp-json\/wp\/v2\/posts\/27060","targetHints":{"allow":["GET"]}}],"collection":[{"href":"https:\/\/szigja.hu\/2021\/wp-json\/wp\/v2\/posts"}],"about":[{"href":"https:\/\/szigja.hu\/2021\/wp-json\/wp\/v2\/types\/post"}],"author":[{"embeddable":true,"href":"https:\/\/szigja.hu\/2021\/wp-json\/wp\/v2\/users\/4"}],"replies":[{"embeddable":true,"href":"https:\/\/szigja.hu\/2021\/wp-json\/wp\/v2\/comments?post=27060"}],"version-history":[{"count":3,"href":"https:\/\/szigja.hu\/2021\/wp-json\/wp\/v2\/posts\/27060\/revisions"}],"predecessor-version":[{"id":27064,"href":"https:\/\/szigja.hu\/2021\/wp-json\/wp\/v2\/posts\/27060\/revisions\/27064"}],"wp:featuredmedia":[{"embeddable":true,"href":"https:\/\/szigja.hu\/2021\/wp-json\/wp\/v2\/media\/27048"}],"wp:attachment":[{"href":"https:\/\/szigja.hu\/2021\/wp-json\/wp\/v2\/media?parent=27060"}],"wp:term":[{"taxonomy":"category","embeddable":true,"href":"https:\/\/szigja.hu\/2021\/wp-json\/wp\/v2\/categories?post=27060"},{"taxonomy":"post_tag","embeddable":true,"href":"https:\/\/szigja.hu\/2021\/wp-json\/wp\/v2\/tags?post=27060"}],"curies":[{"name":"wp","href":"https:\/\/api.w.org\/{rel}","templated":true}]}}