{"id":27332,"date":"2025-01-06T13:05:26","date_gmt":"2025-01-06T13:05:26","guid":{"rendered":"https:\/\/szigja.hu\/2021\/?p=27332"},"modified":"2025-01-06T13:06:53","modified_gmt":"2025-01-06T13:06:53","slug":"tajekoztatas-9","status":"publish","type":"post","link":"https:\/\/szigja.hu\/2021\/2025\/01\/06\/tajekoztatas-9\/","title":{"rendered":"T\u00e1j\u00e9koztat\u00e1s"},"content":{"rendered":"<p>Tisztelt Sz\u00fcl\u0151k!<\/p>\n<p><strong>T\u00e1j\u00e9koztatom \u00d6n\u00f6ket, hogy december 27-\u00e9n megny\u00edlt az Oktat\u00e1si Hivatal informatikai fel\u00fclete, amelyen beny\u00fajthat\u00f3k a tank\u00f6telezetts\u00e9g kezd\u0151 id\u0151pontj\u00e1nak halaszt\u00e1s\u00e1r\u00f3l vagy kor\u00e1bbi megkezd\u00e9s\u00e9r\u0151l sz\u00f3l\u00f3 k\u00e9relmek. A dokumentumokat 2025. janu\u00e1r\u00a020-\u00e1ig lehet beadni.<\/strong><\/p>\n<p>Amennyiben egy sz\u00fcl\u0151 (gy\u00e1m) valamilyen okb\u00f3l \u00fagy l\u00e1tja, hogy a k\u00f6vetkez\u0151 tan\u00e9vben tank\u00f6teless\u00e9 v\u00e1l\u00f3 (2018. szeptember 1. \u00e9s 2019. augusztus 31. k\u00f6z\u00f6tt sz\u00fcletett) gyermeke m\u00e9g nem \u00e9rett az iskolakezd\u00e9sre, vagy \u00e9ppen az indokolt, hogy m\u00e9g nem tank\u00f6teles (2019. szeptember 1. \u00e9s 2020. augusztus 31. k\u00f6z\u00f6tt sz\u00fcletett) gyermeke szeptemberben megkezdje az iskol\u00e1t, az Oktat\u00e1si Hivatalhoz ny\u00fajthatja be erre ir\u00e1nyul\u00f3 k\u00e9relm\u00e9t, amelyhez b\u00e1rmilyen l\u00e9nyegesnek tartott dokumentumot mell\u00e9kelhet (pl.: a gyermek fejletts\u00e9g\u00e9t igazol\u00f3 \u00f3vodai dokumentum stb.). Sz\u00fcks\u00e9g eset\u00e9n az Oktat\u00e1si Hivatal gondoskodik arr\u00f3l, hogy a gyermek fejletts\u00e9gi szintj\u00e9t szak\u00e9rt\u0151i bizotts\u00e1g felm\u00e9rje.<\/p>\n<p>A gyermek hatodik \u00e9let\u00e9v\u00e9nek bet\u00f6lt\u00e9se ut\u00e1n a tank\u00f6telezetts\u00e9g megkezd\u00e9s\u00e9nek halaszt\u00e1s\u00e1t kiz\u00e1r\u00f3lag egy alkalommal \u00e9s egy nevel\u00e9si \u00e9vre lehet k\u00e9relmezni. Ha a gyermek augusztus 31. napj\u00e1ig a hetedik \u00e9let\u00e9v\u00e9t is bet\u00f6lti, a tank\u00f6telezetts\u00e9g megkezd\u00e9se tov\u00e1bb nem halaszthat\u00f3.<br \/>\nAz OH honlapj\u00e1n\u00a0m\u00e1r el\u00e9rhet\u0151 a k\u00e9relmez\u00e9st t\u00e1mogat\u00f3 formanyomtatv\u00e1ny, amely valamennyi sz\u00fcks\u00e9ges adatot tartalmazza, \u00e9s amelyet a sz\u00fcl\u0151k <strong>\u00dcgyf\u00e9lkapu+ vagy D\u00c1P<\/strong>\u00a0alkalmaz\u00e1ssal hiteles\u00edtve elektronikusan vagy kinyomtatva, post\u00e1n is eljuttathatnak a hivatalnak. Az \u0171rlap haszn\u00e1lata nem k\u00f6telez\u0151, \u00e1m jelent\u0151sen megk\u00f6nny\u00edti a k\u00e9relmek beny\u00fajt\u00e1s\u00e1t \u00e9s feldolgoz\u00e1s\u00e1t.<\/p>\n<p>Mivel a 2025. \u00e9vben a tank\u00f6telezetts\u00e9ggel \u00f6sszef\u00fcgg\u0151 hat\u00f3s\u00e1gi elj\u00e1r\u00e1sok eset\u00e9ben az \u00e9rintettek sz\u00e1m\u00e1ra a k\u00e9relembeny\u00fajt\u00e1sra nyitva \u00e1ll\u00f3 t\u00f6rv\u00e9nyi hat\u00e1rid\u0151 utols\u00f3 napja (janu\u00e1r 18.) olyan napra esik, amikor az Oktat\u00e1si Hivatalban a szombati napra tekintettel sz\u00fcnetel a munkav\u00e9gz\u00e9s,<strong>\u00a0ez\u00e9rt a hat\u00e1rid\u0151 csak a k\u00f6vetkez\u0151 munkanapon, vagyis<br \/>\n<\/strong><strong>2025. janu\u00e1r 20. napj\u00e1n j\u00e1r le.<\/strong><\/p>\n<p>A k\u00e9relmekr\u0151l a d\u00f6nt\u00e9st \u2013\u00a0sz\u00fcks\u00e9g eset\u00e9n a ter\u00fcletileg illet\u00e9kes pedag\u00f3giai szakszolg\u00e1lat bevon\u00e1s\u00e1val\u00a0\u2013 a hat\u00e1lyos jogszab\u00e1lyok alapj\u00e1n az OH hozza meg. Az elj\u00e1r\u00e1sr\u00f3l \u00e9s a k\u00e9relmek beny\u00fajt\u00e1s\u00e1r\u00f3l b\u0151vebb t\u00e1j\u00e9koztat\u00e1s olvashat\u00f3 az OH honlapj\u00e1n:<\/p>\n<p><u><a href=\"https:\/\/www.oktatas.hu\/kozneveles\/tankotelezettseg\/tankotelezettseg_halasztasa\" data-auth=\"NotApplicable\">https:\/\/www.oktatas.hu\/kozneveles\/tankotelezettseg\/tankotelezettseg_halasztasa<\/a><\/u><\/p>\n<p><u><a href=\"https:\/\/www.oktatas.hu\/kozneveles\/tankotelezettseg\/hat_eves_kornal_korabban\" data-auth=\"NotApplicable\">https:\/\/www.oktatas.hu\/kozneveles\/tankotelezettseg\/hat_eves_kornal_korabban<\/a><\/u><\/p>\n","protected":false},"excerpt":{"rendered":"<p>Tisztelt Sz\u00fcl\u0151k! T\u00e1j\u00e9koztatom \u00d6n\u00f6ket, hogy december 27-\u00e9n megny\u00edlt az Oktat\u00e1si Hivatal informatikai fel\u00fclete, amelyen beny\u00fajthat\u00f3k a tank\u00f6telezetts\u00e9g kezd\u0151 id\u0151pontj\u00e1nak halaszt\u00e1s\u00e1r\u00f3l vagy kor\u00e1bbi megkezd\u00e9s\u00e9r\u0151l sz\u00f3l\u00f3 k\u00e9relmek. A dokumentumokat 2025. janu\u00e1r\u00a020-\u00e1ig lehet [&hellip;]<\/p>\n","protected":false},"author":4,"featured_media":26210,"comment_status":"closed","ping_status":"closed","sticky":false,"template":"","format":"standard","meta":{"_et_pb_use_builder":"","_et_pb_old_content":"","_et_gb_content_width":"","cybocfi_hide_featured_image":"","footnotes":""},"categories":[12,4],"tags":[],"class_list":["post-27332","post","type-post","status-publish","format-standard","has-post-thumbnail","hentry","category-fontos","category-hirek"],"jetpack_featured_media_url":"https:\/\/i0.wp.com\/szigja.hu\/2021\/wp-content\/uploads\/2024\/04\/versiro.jpg?fit=533%2C237&ssl=1","_links":{"self":[{"href":"https:\/\/szigja.hu\/2021\/wp-json\/wp\/v2\/posts\/27332","targetHints":{"allow":["GET"]}}],"collection":[{"href":"https:\/\/szigja.hu\/2021\/wp-json\/wp\/v2\/posts"}],"about":[{"href":"https:\/\/szigja.hu\/2021\/wp-json\/wp\/v2\/types\/post"}],"author":[{"embeddable":true,"href":"https:\/\/szigja.hu\/2021\/wp-json\/wp\/v2\/users\/4"}],"replies":[{"embeddable":true,"href":"https:\/\/szigja.hu\/2021\/wp-json\/wp\/v2\/comments?post=27332"}],"version-history":[{"count":1,"href":"https:\/\/szigja.hu\/2021\/wp-json\/wp\/v2\/posts\/27332\/revisions"}],"predecessor-version":[{"id":27333,"href":"https:\/\/szigja.hu\/2021\/wp-json\/wp\/v2\/posts\/27332\/revisions\/27333"}],"wp:featuredmedia":[{"embeddable":true,"href":"https:\/\/szigja.hu\/2021\/wp-json\/wp\/v2\/media\/26210"}],"wp:attachment":[{"href":"https:\/\/szigja.hu\/2021\/wp-json\/wp\/v2\/media?parent=27332"}],"wp:term":[{"taxonomy":"category","embeddable":true,"href":"https:\/\/szigja.hu\/2021\/wp-json\/wp\/v2\/categories?post=27332"},{"taxonomy":"post_tag","embeddable":true,"href":"https:\/\/szigja.hu\/2021\/wp-json\/wp\/v2\/tags?post=27332"}],"curies":[{"name":"wp","href":"https:\/\/api.w.org\/{rel}","templated":true}]}}