{"id":27384,"date":"2025-02-03T19:47:01","date_gmt":"2025-02-03T19:47:01","guid":{"rendered":"https:\/\/szigja.hu\/2021\/?p=27384"},"modified":"2025-02-03T19:47:07","modified_gmt":"2025-02-03T19:47:07","slug":"lep-program-iskolankban","status":"publish","type":"post","link":"https:\/\/szigja.hu\/2021\/2025\/02\/03\/lep-program-iskolankban\/","title":{"rendered":"LEP program iskol\u00e1nkban"},"content":{"rendered":"<p>[et_pb_section fb_built=&#8221;1&#8243; _builder_version=&#8221;4.13.0&#8243; _module_preset=&#8221;default&#8221; global_colors_info=&#8221;{}&#8221; theme_builder_area=&#8221;post_content&#8221;][et_pb_row _builder_version=&#8221;4.13.0&#8243; _module_preset=&#8221;default&#8221; global_colors_info=&#8221;{}&#8221; theme_builder_area=&#8221;post_content&#8221;][et_pb_column type=&#8221;4_4&#8243; _builder_version=&#8221;4.13.0&#8243; _module_preset=&#8221;default&#8221; global_colors_info=&#8221;{}&#8221; theme_builder_area=&#8221;post_content&#8221;][et_pb_text _builder_version=&#8221;4.13.1&#8243; _module_preset=&#8221;default&#8221; hover_enabled=&#8221;0&#8243; global_colors_info=&#8221;{}&#8221; theme_builder_area=&#8221;post_content&#8221; sticky_enabled=&#8221;0&#8243;]<\/p>\n<p>A korm\u00e1ny 2019-ben h\u00edvta \u00e9letre a L\u00e1z\u00e1r Ervin Programot, mely szoci\u00e1lis helyzett\u0151l \u00e9s lak\u00f3helyt\u0151l f\u00fcggetlen\u00fcl minden, az 1-8. \u00e9vfolyamon tanul\u00f3 \u00e1ltal\u00e1nos iskol\u00e1s di\u00e1k sz\u00e1m\u00e1ra t\u00e9r\u00edt\u00e9smentes lehet\u0151s\u00e9get biztos\u00edt tan\u00e9venk\u00e9nt egyszeri alkalommal egy kultur\u00e1lis programon val\u00f3 r\u00e9szv\u00e9telre.<\/p>\n<p>Az idei tan\u00e9vben a negyedik \u00e9vfolyam a program keret\u00e9ben az \u00daj Sz\u00ednh\u00e1zba l\u00e1togatott el A palacsint\u00e1s kir\u00e1ly c\u00edm\u0171 el\u0151ad\u00e1sra. K\u00fcl\u00f6n buszok sz\u00e1ll\u00edtott\u00e1k a n\u00e9gy oszt\u00e1lyt a helysz\u00ednre \u00e9s onnan vissza. A sz\u00ednh\u00e1z szem\u00e9lyzete felk\u00e9sz\u00fclten fogadott minket. Minden csoportot v\u00e9gig seg\u00edtett\u00e9k a ruhat\u00e1r- \u00e9s mosd\u00f3haszn\u00e1laton kereszt\u00fcl eg\u00e9szen a n\u00e9z\u0151t\u00e9ri helyek elfoglal\u00e1s\u00e1ig. Az el\u0151ad\u00e1s sz\u00fcnet\u00e9ben lehet\u0151s\u00e9ge volt a gyerekeknek az uzsonn\u00e1juk elfogyaszt\u00e1s\u00e1ra. Sz\u00ednvonalas, a gyerekek \u00e9letkor\u00e1nak megfelel\u0151 sz\u00edndarabot l\u00e1ttunk. Nemcsak az el\u0151ad\u00e1s, hanem a k\u00f6rnyezet is elvar\u00e1zsolta a gyerekeket. A tanul\u00f3k kultur\u00e1ltan, illemtud\u00f3an viselkedtek. A j\u00f6v\u0151ben sz\u00edvesen r\u00e9szt vesz\u00fcnk hasonl\u00f3, hozz\u00e1\u00e9rt\u0151en szervezett, sz\u00ednvonalas programokon.<\/p>\n<p>[\/et_pb_text][et_pb_gallery gallery_ids=&#8221;27382,27380,27379,27378,27377&#8243; posts_number=&#8221;10&#8243; show_title_and_caption=&#8221;off&#8221; _builder_version=&#8221;4.13.1&#8243; _module_preset=&#8221;default&#8221; hover_enabled=&#8221;0&#8243; global_colors_info=&#8221;{}&#8221; theme_builder_area=&#8221;post_content&#8221; sticky_enabled=&#8221;0&#8243;][\/et_pb_gallery][\/et_pb_column][\/et_pb_row][\/et_pb_section]<\/p>\n","protected":false},"excerpt":{"rendered":"<p>A korm\u00e1ny 2019-ben h\u00edvta \u00e9letre a L\u00e1z\u00e1r Ervin Programot, mely szoci\u00e1lis helyzett\u0151l \u00e9s lak\u00f3helyt\u0151l f\u00fcggetlen\u00fcl minden, az 1-8. \u00e9vfolyamon tanul\u00f3 \u00e1ltal\u00e1nos iskol\u00e1s di\u00e1k sz\u00e1m\u00e1ra t\u00e9r\u00edt\u00e9smentes lehet\u0151s\u00e9get biztos\u00edt tan\u00e9venk\u00e9nt egyszeri alkalommal [&hellip;]<\/p>\n","protected":false},"author":4,"featured_media":27381,"comment_status":"closed","ping_status":"closed","sticky":false,"template":"","format":"standard","meta":{"_et_pb_use_builder":"on","_et_pb_old_content":"","_et_gb_content_width":"","cybocfi_hide_featured_image":"","footnotes":""},"categories":[4],"tags":[],"class_list":["post-27384","post","type-post","status-publish","format-standard","has-post-thumbnail","hentry","category-hirek"],"jetpack_featured_media_url":"https:\/\/i0.wp.com\/szigja.hu\/2021\/wp-content\/uploads\/2025\/02\/Lazar.png?fit=433%2C201&ssl=1","_links":{"self":[{"href":"https:\/\/szigja.hu\/2021\/wp-json\/wp\/v2\/posts\/27384","targetHints":{"allow":["GET"]}}],"collection":[{"href":"https:\/\/szigja.hu\/2021\/wp-json\/wp\/v2\/posts"}],"about":[{"href":"https:\/\/szigja.hu\/2021\/wp-json\/wp\/v2\/types\/post"}],"author":[{"embeddable":true,"href":"https:\/\/szigja.hu\/2021\/wp-json\/wp\/v2\/users\/4"}],"replies":[{"embeddable":true,"href":"https:\/\/szigja.hu\/2021\/wp-json\/wp\/v2\/comments?post=27384"}],"version-history":[{"count":3,"href":"https:\/\/szigja.hu\/2021\/wp-json\/wp\/v2\/posts\/27384\/revisions"}],"predecessor-version":[{"id":27388,"href":"https:\/\/szigja.hu\/2021\/wp-json\/wp\/v2\/posts\/27384\/revisions\/27388"}],"wp:featuredmedia":[{"embeddable":true,"href":"https:\/\/szigja.hu\/2021\/wp-json\/wp\/v2\/media\/27381"}],"wp:attachment":[{"href":"https:\/\/szigja.hu\/2021\/wp-json\/wp\/v2\/media?parent=27384"}],"wp:term":[{"taxonomy":"category","embeddable":true,"href":"https:\/\/szigja.hu\/2021\/wp-json\/wp\/v2\/categories?post=27384"},{"taxonomy":"post_tag","embeddable":true,"href":"https:\/\/szigja.hu\/2021\/wp-json\/wp\/v2\/tags?post=27384"}],"curies":[{"name":"wp","href":"https:\/\/api.w.org\/{rel}","templated":true}]}}