{"id":27476,"date":"2025-02-20T20:55:44","date_gmt":"2025-02-20T20:55:44","guid":{"rendered":"https:\/\/szigja.hu\/2021\/?p=27476"},"modified":"2025-02-20T21:04:31","modified_gmt":"2025-02-20T21:04:31","slug":"farsang-aprajafalvan","status":"publish","type":"post","link":"https:\/\/szigja.hu\/2021\/2025\/02\/20\/farsang-aprajafalvan\/","title":{"rendered":"Farsang ApraJAfalv\u00e1n"},"content":{"rendered":"<p>[et_pb_section fb_built=&#8221;1&#8243; _builder_version=&#8221;4.13.0&#8243; _module_preset=&#8221;default&#8221; global_colors_info=&#8221;{}&#8221;][et_pb_row _builder_version=&#8221;4.13.0&#8243; _module_preset=&#8221;default&#8221; global_colors_info=&#8221;{}&#8221;][et_pb_column type=&#8221;4_4&#8243; _builder_version=&#8221;4.13.0&#8243; _module_preset=&#8221;default&#8221; global_colors_info=&#8221;{}&#8221;][et_pb_text _builder_version=&#8221;4.13.1&#8243; _module_preset=&#8221;default&#8221; global_colors_info=&#8221;{}&#8221;]<\/p>\n<p>Farsang Aprajafalv\u00e1n<\/p>\n<p>Febru\u00e1r 14-\u00e9n tartottuk iskol\u00e1nkban a farsangot. Aprajafalva minden lak\u00f3ja be\u00f6lt\u00f6z\u00f6tt. A folyos\u00f3i aul\u00e1kban minden oszt\u00e1ly felvonult, bemutatta jelmezeit. Az \u00e9nekkarral a h\u00e9ten farsangi dalokat tanultunk, ezek \u00e9nekl\u00e9s\u00e9vel folytat\u00f3dott a t\u00e1ncos m\u00f3ka.<\/p>\n<p>Ezut\u00e1n minden oszt\u00e1ly a saj\u00e1t term\u00e9ben farsangi j\u00e1t\u00e9kokat, mulats\u00e1got tartott. A termekb\u0151l a vid\u00e1ms\u00e1g hangjai hallatsz\u00f3dtak.<\/p>\n<p>Eb\u00e9d ut\u00e1n k\u00f6z\u00f6sen gy\u00fclekezt\u00fcnk az udvaron. M\u00e1r hagyom\u00e1nny\u00e1 v\u00e1lt, hogy minden oszt\u00e1ly saj\u00e1t kez\u0171leg k\u00e9sz\u00edt csodasz\u00e9p \u00e9s f\u00e9lelmetes bus\u00f3\u00e1larcokat \u00e9s zajkelt\u0151 eszk\u00f6z\u00f6ket. Ezekkel felszerelkezve sorakoztunk, majd hangos k\u00e1nt\u00e1l\u00e1ssal, z\u00f6rget\u00e9ssel, k\u00fcrt\u00f6l\u00e9ssel s\u00e9t\u00e1ltuk k\u00f6rbe a Gimn\u00e1ziumot. A k\u00f6rny\u00e9ken lak\u00f3k m\u00e1r az ablakb\u00f3l figyelnek ilyenkor \u00e9s integetnek nek\u00fcnk. Vissza\u00e9rve m\u00e1r az udvaron v\u00e1rt minket a szalm\u00e1b\u00f3l k\u00e9sz\u00fclt kiszeb\u00e1b. Amelyet hangos felki\u00e1lt\u00e1ssal: Vesszen a t\u00e9l, j\u00f6jj\u00f6n a tavasz! \u2013 gy\u00fajtottunk meg. Ez\u00e1ltal j\u00f3 messzire \u0171zve a telet \u00e9s a rem\u00e9lhet\u0151leg vele egy\u00fctt a rengeteg v\u00edrust is.<\/p>\n<p>[\/et_pb_text][et_pb_gallery gallery_ids=&#8221;27425,27426,27427,27428,27429,27430,27431,27432,27433,27434,27435&#8243; posts_number=&#8221;10&#8243; show_title_and_caption=&#8221;off&#8221; _builder_version=&#8221;4.13.1&#8243; _module_preset=&#8221;default&#8221; global_colors_info=&#8221;{}&#8221;][\/et_pb_gallery][\/et_pb_column][\/et_pb_row][\/et_pb_section]<\/p>\n","protected":false},"excerpt":{"rendered":"<p>Farsang Aprajafalv\u00e1n Febru\u00e1r 14-\u00e9n tartottuk iskol\u00e1nkban a farsangot. Aprajafalva minden lak\u00f3ja be\u00f6lt\u00f6z\u00f6tt. A folyos\u00f3i aul\u00e1kban minden oszt\u00e1ly felvonult, bemutatta jelmezeit. Az \u00e9nekkarral a h\u00e9ten farsangi dalokat tanultunk, ezek \u00e9nekl\u00e9s\u00e9vel folytat\u00f3dott [&hellip;]<\/p>\n","protected":false},"author":4,"featured_media":27483,"comment_status":"closed","ping_status":"closed","sticky":false,"template":"","format":"standard","meta":{"_et_pb_use_builder":"on","_et_pb_old_content":"","_et_gb_content_width":"","cybocfi_hide_featured_image":"","footnotes":""},"categories":[4],"tags":[],"class_list":["post-27476","post","type-post","status-publish","format-standard","has-post-thumbnail","hentry","category-hirek"],"jetpack_featured_media_url":"https:\/\/i0.wp.com\/szigja.hu\/2021\/wp-content\/uploads\/2025\/02\/1739883809490-post.jpeg?fit=1354%2C1321&ssl=1","_links":{"self":[{"href":"https:\/\/szigja.hu\/2021\/wp-json\/wp\/v2\/posts\/27476","targetHints":{"allow":["GET"]}}],"collection":[{"href":"https:\/\/szigja.hu\/2021\/wp-json\/wp\/v2\/posts"}],"about":[{"href":"https:\/\/szigja.hu\/2021\/wp-json\/wp\/v2\/types\/post"}],"author":[{"embeddable":true,"href":"https:\/\/szigja.hu\/2021\/wp-json\/wp\/v2\/users\/4"}],"replies":[{"embeddable":true,"href":"https:\/\/szigja.hu\/2021\/wp-json\/wp\/v2\/comments?post=27476"}],"version-history":[{"count":5,"href":"https:\/\/szigja.hu\/2021\/wp-json\/wp\/v2\/posts\/27476\/revisions"}],"predecessor-version":[{"id":27484,"href":"https:\/\/szigja.hu\/2021\/wp-json\/wp\/v2\/posts\/27476\/revisions\/27484"}],"wp:featuredmedia":[{"embeddable":true,"href":"https:\/\/szigja.hu\/2021\/wp-json\/wp\/v2\/media\/27483"}],"wp:attachment":[{"href":"https:\/\/szigja.hu\/2021\/wp-json\/wp\/v2\/media?parent=27476"}],"wp:term":[{"taxonomy":"category","embeddable":true,"href":"https:\/\/szigja.hu\/2021\/wp-json\/wp\/v2\/categories?post=27476"},{"taxonomy":"post_tag","embeddable":true,"href":"https:\/\/szigja.hu\/2021\/wp-json\/wp\/v2\/tags?post=27476"}],"curies":[{"name":"wp","href":"https:\/\/api.w.org\/{rel}","templated":true}]}}