{"id":27744,"date":"2025-03-29T09:59:06","date_gmt":"2025-03-29T09:59:06","guid":{"rendered":"https:\/\/szigja.hu\/2021\/?p=27744"},"modified":"2025-03-29T09:59:06","modified_gmt":"2025-03-29T09:59:06","slug":"elsos-beiratkozas-3","status":"publish","type":"post","link":"https:\/\/szigja.hu\/2021\/2025\/03\/29\/elsos-beiratkozas-3\/","title":{"rendered":"Els\u0151s beiratkoz\u00e1s"},"content":{"rendered":"<div class=\"x_elementToProof\" data-olk-copy-source=\"MessageBody\">Tisztelt Sz\u00fcl\u0151k!<\/div>\n<div class=\"x_elementToProof\"><\/div>\n<div class=\"x_elementToProof\">T\u00e1j\u00e9koztatjuk \u00d6n\u00f6ket, hogy 2025.03.31-\u00e9n megny\u00edlik az \u00e1ltal\u00e1nos iskolai els\u0151s beiratkoz\u00e1s online fel\u00fclete (KR\u00c9TA-B\u00c1I):<\/div>\n<div class=\"x_elementToProof\"><a id=\"LPlnkOWA2bb2758a-70fc-1440-de03-d51064456c4a\" class=\"x_OWAAutoLink\" title=\"https:\/\/eugyintezes.e-kreta.hu\/kezdolap\" href=\"https:\/\/eugyintezes.e-kreta.hu\/kezdolap\" target=\"_blank\" rel=\"noopener noreferrer\" data-auth=\"NotApplicable\" data-linkindex=\"0\">https:\/\/eugyintezes.e-kreta.hu\/kezdolap<\/a><\/div>\n<div class=\"x_elementToProof\">Az elektronikus beiratkoz\u00e1st k\u00f6vet\u0151en k\u00e9rj\u00fck, <u>NE<\/u>\u00a0nyomtass\u00e1k ki a Kr\u00e9ta \u00e1ltal gener\u00e1lt dokumentumokat.<\/div>\n<div class=\"x_elementToProof\">A szem\u00e9lyes beiratkoz\u00e1shoz sz\u00fcks\u00e9ges kit\u00f6ltend\u0151 dokumentumokat megtal\u00e1lj\u00e1k a<i> &#8222;Beiratkoz\u00e1s dokumentumai&#8221;<\/i>\u00a0men\u00fcpontban.<\/div>\n<div class=\"x_elementToProof\"><\/div>\n<div class=\"x_elementToProof\">Az elektronikus beiratkoz\u00e1s r\u00e9szletes inform\u00e1ci\u00f3it itt olvashatj\u00e1k:<\/div>\n<div><\/div>\n<div><a href=\"https:\/\/szigja.hu\/2021\/wp-content\/uploads\/2025\/03\/BAI_Szuloi-tajekoztato_2025.pdf\">B\u00c1I_Sz\u00fcl\u0151i t\u00e1j\u00e9koztat\u00f3_2025<\/a><\/div>\n<div><\/div>\n","protected":false},"excerpt":{"rendered":"<p>Tisztelt Sz\u00fcl\u0151k! T\u00e1j\u00e9koztatjuk \u00d6n\u00f6ket, hogy 2025.03.31-\u00e9n megny\u00edlik az \u00e1ltal\u00e1nos iskolai els\u0151s beiratkoz\u00e1s online fel\u00fclete (KR\u00c9TA-B\u00c1I): https:\/\/eugyintezes.e-kreta.hu\/kezdolap Az elektronikus beiratkoz\u00e1st k\u00f6vet\u0151en k\u00e9rj\u00fck, NE\u00a0nyomtass\u00e1k ki a Kr\u00e9ta \u00e1ltal gener\u00e1lt dokumentumokat. A szem\u00e9lyes [&hellip;]<\/p>\n","protected":false},"author":4,"featured_media":27753,"comment_status":"closed","ping_status":"closed","sticky":false,"template":"","format":"standard","meta":{"_et_pb_use_builder":"","_et_pb_old_content":"","_et_gb_content_width":"","cybocfi_hide_featured_image":"","footnotes":""},"categories":[12,4],"tags":[],"class_list":["post-27744","post","type-post","status-publish","format-standard","has-post-thumbnail","hentry","category-fontos","category-hirek"],"jetpack_featured_media_url":"https:\/\/i0.wp.com\/szigja.hu\/2021\/wp-content\/uploads\/2025\/03\/beiratkozas_2025.jpg?fit=1006%2C469&ssl=1","_links":{"self":[{"href":"https:\/\/szigja.hu\/2021\/wp-json\/wp\/v2\/posts\/27744","targetHints":{"allow":["GET"]}}],"collection":[{"href":"https:\/\/szigja.hu\/2021\/wp-json\/wp\/v2\/posts"}],"about":[{"href":"https:\/\/szigja.hu\/2021\/wp-json\/wp\/v2\/types\/post"}],"author":[{"embeddable":true,"href":"https:\/\/szigja.hu\/2021\/wp-json\/wp\/v2\/users\/4"}],"replies":[{"embeddable":true,"href":"https:\/\/szigja.hu\/2021\/wp-json\/wp\/v2\/comments?post=27744"}],"version-history":[{"count":2,"href":"https:\/\/szigja.hu\/2021\/wp-json\/wp\/v2\/posts\/27744\/revisions"}],"predecessor-version":[{"id":27755,"href":"https:\/\/szigja.hu\/2021\/wp-json\/wp\/v2\/posts\/27744\/revisions\/27755"}],"wp:featuredmedia":[{"embeddable":true,"href":"https:\/\/szigja.hu\/2021\/wp-json\/wp\/v2\/media\/27753"}],"wp:attachment":[{"href":"https:\/\/szigja.hu\/2021\/wp-json\/wp\/v2\/media?parent=27744"}],"wp:term":[{"taxonomy":"category","embeddable":true,"href":"https:\/\/szigja.hu\/2021\/wp-json\/wp\/v2\/categories?post=27744"},{"taxonomy":"post_tag","embeddable":true,"href":"https:\/\/szigja.hu\/2021\/wp-json\/wp\/v2\/tags?post=27744"}],"curies":[{"name":"wp","href":"https:\/\/api.w.org\/{rel}","templated":true}]}}