{"id":30044,"date":"2026-04-27T20:22:26","date_gmt":"2026-04-27T20:22:26","guid":{"rendered":"https:\/\/szigja.hu\/2021\/?p=30044"},"modified":"2026-04-27T20:22:32","modified_gmt":"2026-04-27T20:22:32","slug":"varazsceruza-rajzverseny-2","status":"publish","type":"post","link":"https:\/\/szigja.hu\/2021\/2026\/04\/27\/varazsceruza-rajzverseny-2\/","title":{"rendered":"&#8222;Var\u00e1zsceruza&#8221; rajzverseny"},"content":{"rendered":"<p>[et_pb_section fb_built=&#8221;1&#8243; _builder_version=&#8221;4.13.0&#8243; _module_preset=&#8221;default&#8221; global_colors_info=&#8221;{}&#8221; theme_builder_area=&#8221;post_content&#8221;][et_pb_row _builder_version=&#8221;4.13.0&#8243; _module_preset=&#8221;default&#8221; global_colors_info=&#8221;{}&#8221; theme_builder_area=&#8221;post_content&#8221;][et_pb_column type=&#8221;4_4&#8243; _builder_version=&#8221;4.13.0&#8243; _module_preset=&#8221;default&#8221; global_colors_info=&#8221;{}&#8221; theme_builder_area=&#8221;post_content&#8221;][et_pb_text _builder_version=&#8221;4.13.1&#8243; _module_preset=&#8221;default&#8221; hover_enabled=&#8221;0&#8243; global_colors_info=&#8221;{}&#8221; theme_builder_area=&#8221;post_content&#8221; sticky_enabled=&#8221;0&#8243;]<\/p>\n<p>\u201eVAR\u00c1ZSCERUZA\u201d<\/p>\n<p>megyei rajzverseny 2026. 04.01.<\/p>\n<p>Ism\u00e9t megrendez\u00e9sre ker\u00fclt Kiskunlach\u00e1z\u00e1n a \u201eVAR\u00c1ZSCERUZA\u201d megyei rajzverseny.<\/p>\n<p>Az idei t\u00e9ma: \u201e Az \u00e9n szuperk\u00e9pess\u00e9gem\u201d.<\/p>\n<p>A versenyen 13 iskol\u00e1b\u00f3l 105 di\u00e1k vett r\u00e9szt.<\/p>\n<p>A regisztr\u00e1ci\u00f3 ut\u00e1n a gyerekek elfoglalhatt\u00e1k hely\u00fcket a korcsoportonk\u00e9nt kijel\u00f6lt tantermekben, ezut\u00e1n 9 \u00f3rakor egy \u00fcnnep\u00e9lyes megnyit\u00f3 k\u00f6vetkezett.<\/p>\n<p>A megnyit\u00f3n Braranyi B\u00e9la igazgat\u00f3 \u00far besz\u00e9de ut\u00e1n Dr. P\u00e1los Annam\u00e1ria k\u00f6sz\u00f6nt\u00f6tte az ifj\u00fa kis m\u0171v\u00e9szeket \u00e9s megnyitotta a versenyt.<\/p>\n<p>Az alkot\u00e1sra k\u00e9t \u00f3ra \u00e1llt rendelkez\u00e9s\u00fckre. M\u00edg a gyerekek munk\u00e1ikkal voltak elfoglalva, addig minket, felk\u00e9sz\u00edt\u0151 tan\u00e1rokat te\u00e1val, k\u00e1v\u00e9val, s\u00fctem\u00e9nyekkel \u00e9s szendvicsekkel vend\u00e9geltek meg a szervez\u0151k. Most is, mint minden \u00e9vben egy kis programmal kedveskedtek nek\u00fcnk. Nemes Ferenc sziget\u00fajfalusi n\u00e9pi iparm\u0171v\u00e9sz fafarag\u00f3 mutatta be alkot\u00e1sait, \u00e9s mes\u00e9lt nek\u00fcnk munk\u00e1ss\u00e1g\u00e1r\u00f3l.<\/p>\n<p>A k\u00e9t \u00f3ra eltelte ut\u00e1n a 3 tag\u00fa zs\u0171ri l\u00e1tott munk\u00e1hoz, majd ez ut\u00e1n k\u00f6vetkezett az eredm\u00e9nyhirdet\u00e9s.<\/p>\n<p>Iskol\u00e1nkat 9 tanul\u00f3 k\u00e9pviselte.<\/p>\n<p>Aradi Lilla 4.b<\/p>\n<p>Gazdik Petra 4.b<\/p>\n<p>Gy\u00f6rke Zs\u00f3fia 4.b<\/p>\n<p>Kulin S\u00e1ra 4.b<\/p>\n<p>Toldi Rozina 5.d<\/p>\n<p>Gy\u0151ri Zo\u00e9 6.c<\/p>\n<p>Moln\u00e1r Tamara 7.a<\/p>\n<p>Clerget Emma Lujza 7.c<\/p>\n<p>Cs\u00e9nyi HAnnna 8.a<\/p>\n<p>A IV. (7. &#8211; 8. \u00e9vfolyam) korcsoportban Clerget Emma Lujza I. helyez\u00e9st \u00e9rt el, Moln\u00e1r Tamara pedig k\u00fcl\u00f6nd\u00edjat kapott.<\/p>\n<p>Szeretettel gratul\u00e1lok mindegyik kis tan\u00edtv\u00e1nyomnak, mert nagyon sz\u00e9pen teljes\u00edtettek a versenyen, valamint k\u00fcl\u00f6n sz\u00edvb\u0151l gratul\u00e1lok a d\u00edjazottaknak!<\/p>\n<p>Nagy-Szilv\u00e1si Gabriella<\/p>\n<p>[\/et_pb_text][et_pb_gallery gallery_ids=&#8221;30043,30038,30037,30036,30035,30034,30033,30032,30031,30030,30029,30023&#8243; posts_number=&#8221;10&#8243; show_title_and_caption=&#8221;off&#8221; _builder_version=&#8221;4.13.1&#8243; _module_preset=&#8221;default&#8221; hover_enabled=&#8221;0&#8243; global_colors_info=&#8221;{}&#8221; theme_builder_area=&#8221;post_content&#8221; sticky_enabled=&#8221;0&#8243;][\/et_pb_gallery][\/et_pb_column][\/et_pb_row][\/et_pb_section]<\/p>\n","protected":false},"excerpt":{"rendered":"<p>\u201eVAR\u00c1ZSCERUZA\u201d megyei rajzverseny 2026. 04.01. Ism\u00e9t megrendez\u00e9sre ker\u00fclt Kiskunlach\u00e1z\u00e1n a \u201eVAR\u00c1ZSCERUZA\u201d megyei rajzverseny. Az idei t\u00e9ma: \u201e Az \u00e9n szuperk\u00e9pess\u00e9gem\u201d. A versenyen 13 iskol\u00e1b\u00f3l 105 di\u00e1k vett r\u00e9szt. A regisztr\u00e1ci\u00f3 [&hellip;]<\/p>\n","protected":false},"author":4,"featured_media":30037,"comment_status":"closed","ping_status":"closed","sticky":false,"template":"","format":"standard","meta":{"_et_pb_use_builder":"on","_et_pb_old_content":"","_et_gb_content_width":"","cybocfi_hide_featured_image":"","footnotes":""},"categories":[4],"tags":[],"class_list":["post-30044","post","type-post","status-publish","format-standard","has-post-thumbnail","hentry","category-hirek"],"jetpack_featured_media_url":"https:\/\/i0.wp.com\/szigja.hu\/2021\/wp-content\/uploads\/2026\/04\/iv-korcsoport-scaled.jpg?fit=2560%2C1920&ssl=1","_links":{"self":[{"href":"https:\/\/szigja.hu\/2021\/wp-json\/wp\/v2\/posts\/30044","targetHints":{"allow":["GET"]}}],"collection":[{"href":"https:\/\/szigja.hu\/2021\/wp-json\/wp\/v2\/posts"}],"about":[{"href":"https:\/\/szigja.hu\/2021\/wp-json\/wp\/v2\/types\/post"}],"author":[{"embeddable":true,"href":"https:\/\/szigja.hu\/2021\/wp-json\/wp\/v2\/users\/4"}],"replies":[{"embeddable":true,"href":"https:\/\/szigja.hu\/2021\/wp-json\/wp\/v2\/comments?post=30044"}],"version-history":[{"count":2,"href":"https:\/\/szigja.hu\/2021\/wp-json\/wp\/v2\/posts\/30044\/revisions"}],"predecessor-version":[{"id":30046,"href":"https:\/\/szigja.hu\/2021\/wp-json\/wp\/v2\/posts\/30044\/revisions\/30046"}],"wp:featuredmedia":[{"embeddable":true,"href":"https:\/\/szigja.hu\/2021\/wp-json\/wp\/v2\/media\/30037"}],"wp:attachment":[{"href":"https:\/\/szigja.hu\/2021\/wp-json\/wp\/v2\/media?parent=30044"}],"wp:term":[{"taxonomy":"category","embeddable":true,"href":"https:\/\/szigja.hu\/2021\/wp-json\/wp\/v2\/categories?post=30044"},{"taxonomy":"post_tag","embeddable":true,"href":"https:\/\/szigja.hu\/2021\/wp-json\/wp\/v2\/tags?post=30044"}],"curies":[{"name":"wp","href":"https:\/\/api.w.org\/{rel}","templated":true}]}}