{"id":30047,"date":"2026-04-27T20:26:14","date_gmt":"2026-04-27T20:26:14","guid":{"rendered":"https:\/\/szigja.hu\/2021\/?p=30047"},"modified":"2026-04-27T20:26:20","modified_gmt":"2026-04-27T20:26:20","slug":"elo-nepmuveszet","status":"publish","type":"post","link":"https:\/\/szigja.hu\/2021\/2026\/04\/27\/elo-nepmuveszet\/","title":{"rendered":"\u201e\u00c9l\u0151 n\u00e9pm\u0171v\u00e9szet\u201d"},"content":{"rendered":"<p>[et_pb_section fb_built=&#8221;1&#8243; _builder_version=&#8221;4.13.0&#8243; _module_preset=&#8221;default&#8221; global_colors_info=&#8221;{}&#8221; theme_builder_area=&#8221;post_content&#8221;][et_pb_row _builder_version=&#8221;4.13.0&#8243; _module_preset=&#8221;default&#8221; global_colors_info=&#8221;{}&#8221; theme_builder_area=&#8221;post_content&#8221;][et_pb_column type=&#8221;4_4&#8243; _builder_version=&#8221;4.13.0&#8243; _module_preset=&#8221;default&#8221; global_colors_info=&#8221;{}&#8221; theme_builder_area=&#8221;post_content&#8221;][et_pb_text _builder_version=&#8221;4.13.1&#8243; _module_preset=&#8221;default&#8221; hover_enabled=&#8221;0&#8243; global_colors_info=&#8221;{}&#8221; theme_builder_area=&#8221;post_content&#8221; sticky_enabled=&#8221;0&#8243;]<\/p>\n<p>K\u00e9tszeres kiemelked\u0151 magaskult\u00fara-k\u00f6zvet\u00edt\u00e9s a Hagyom\u00e1nyok H\u00e1za rendezv\u00e9ny\u00e9n<\/p>\n<p>Id\u00e9n Szigetszentmikl\u00f3s ad otthont a XVIII. Orsz\u00e1gos N\u00e9pm\u0171v\u00e9szeti Ki\u00e1ll\u00edt\u00e1snak (K\u00f6z\u00e9p-Magyarorsz\u00e1g r\u00e9gi\u00f3), melyet \u201e\u00c9l\u0151 n\u00e9pm\u0171v\u00e9szet\u201d c\u00edmmel mutatnak be a V\u00e1rosi K\u00f6nyvt\u00e1r \u00e9s K\u00f6z\u00f6ss\u00e9gi H\u00e1z aul\u00e1j\u00e1ban \u00e9s a Gal\u00e9ri\u00e1ban. Nagy b\u00fcszkes\u00e9ggel t\u00f6lt el minket, hogy a sikeres p\u00e1ly\u00e1zati munk\u00e1juk\u00e9rt d\u00edjazottak k\u00f6z\u00f6tt szerepel pedag\u00f3gus koll\u00e9g\u00e1nk, Borsos Erzs\u00e9bet (mint n\u00e9pi \u00e9kszerk\u00e9sz\u00edt\u0151 n\u00e9pi iparm\u0171v\u00e9sz). A magasrang\u00fa elismer\u00e9seket a ki\u00e1ll\u00edt\u00e1s \u00fcnnep\u00e9lyes megnyit\u00f3j\u00e1n az int\u00e9zm\u00e9ny teljesen megtelt sz\u00ednh\u00e1zterm\u00e9ben Both Mikl\u00f3s, a Hagyom\u00e1nyok H\u00e1za f\u0151igazgat\u00f3ja adta \u00e1t a gy\u0151zteseknek.<\/p>\n<p>Az \u00fcnnep\u00e9lyes megnyit\u00f3\u00fcnneps\u00e9gre, \u0151szinte \u00f6r\u00f6m\u00fcnkre a program szervez\u0151i felk\u00e9rt\u00e9k Nagy-Szilv\u00e1si Kincs\u0151t, iskol\u00e1nk 4.c. oszt\u00e1lyos tanul\u00f3j\u00e1t, hogy n\u00e9pdal\u00e9nekl\u00e9si tud\u00e1s\u00e1val emelje az \u00fcnnep\u00e9lyes megnyit\u00f3 hangulat\u00e1t. Kincs\u0151 a sz\u00ednpadon a szakmai k\u00f6z\u00f6ns\u00e9g el\u0151tt somogyi n\u00e9pdalokat \u00e9nekelt \u00e9s nagy sikert aratott.<\/p>\n<p>\u0150szint\u00e9n gratul\u00e1lunk mindkett\u0151j\u00fcknek, k\u00fcl\u00f6n kiemelve azokat az er\u0151fesz\u00edt\u00e9seket, amelyeket a magyar n\u00e9pi kult\u00fara \u00e1pol\u00e1s\u00e1\u00e9rt \u00e9s annak bemutat\u00e1s\u00e1\u00e9rt tesznek!<\/p>\n<p>[\/et_pb_text][et_pb_gallery gallery_ids=&#8221;30024,30025,30027,30028,30026&#8243; posts_number=&#8221;10&#8243; show_title_and_caption=&#8221;off&#8221; _builder_version=&#8221;4.13.1&#8243; _module_preset=&#8221;default&#8221; hover_enabled=&#8221;0&#8243; global_colors_info=&#8221;{}&#8221; theme_builder_area=&#8221;post_content&#8221; sticky_enabled=&#8221;0&#8243;][\/et_pb_gallery][\/et_pb_column][\/et_pb_row][\/et_pb_section]<\/p>\n","protected":false},"excerpt":{"rendered":"<p>K\u00e9tszeres kiemelked\u0151 magaskult\u00fara-k\u00f6zvet\u00edt\u00e9s a Hagyom\u00e1nyok H\u00e1za rendezv\u00e9ny\u00e9n Id\u00e9n Szigetszentmikl\u00f3s ad otthont a XVIII. Orsz\u00e1gos N\u00e9pm\u0171v\u00e9szeti Ki\u00e1ll\u00edt\u00e1snak (K\u00f6z\u00e9p-Magyarorsz\u00e1g r\u00e9gi\u00f3), melyet \u201e\u00c9l\u0151 n\u00e9pm\u0171v\u00e9szet\u201d c\u00edmmel mutatnak be a V\u00e1rosi K\u00f6nyvt\u00e1r \u00e9s K\u00f6z\u00f6ss\u00e9gi H\u00e1z [&hellip;]<\/p>\n","protected":false},"author":4,"featured_media":30025,"comment_status":"closed","ping_status":"closed","sticky":false,"template":"","format":"standard","meta":{"_et_pb_use_builder":"on","_et_pb_old_content":"","_et_gb_content_width":"","cybocfi_hide_featured_image":"","footnotes":""},"categories":[4],"tags":[],"class_list":["post-30047","post","type-post","status-publish","format-standard","has-post-thumbnail","hentry","category-hirek"],"jetpack_featured_media_url":"https:\/\/i0.wp.com\/szigja.hu\/2021\/wp-content\/uploads\/2026\/04\/2-scaled.jpg?fit=1920%2C2560&ssl=1","_links":{"self":[{"href":"https:\/\/szigja.hu\/2021\/wp-json\/wp\/v2\/posts\/30047","targetHints":{"allow":["GET"]}}],"collection":[{"href":"https:\/\/szigja.hu\/2021\/wp-json\/wp\/v2\/posts"}],"about":[{"href":"https:\/\/szigja.hu\/2021\/wp-json\/wp\/v2\/types\/post"}],"author":[{"embeddable":true,"href":"https:\/\/szigja.hu\/2021\/wp-json\/wp\/v2\/users\/4"}],"replies":[{"embeddable":true,"href":"https:\/\/szigja.hu\/2021\/wp-json\/wp\/v2\/comments?post=30047"}],"version-history":[{"count":2,"href":"https:\/\/szigja.hu\/2021\/wp-json\/wp\/v2\/posts\/30047\/revisions"}],"predecessor-version":[{"id":30050,"href":"https:\/\/szigja.hu\/2021\/wp-json\/wp\/v2\/posts\/30047\/revisions\/30050"}],"wp:featuredmedia":[{"embeddable":true,"href":"https:\/\/szigja.hu\/2021\/wp-json\/wp\/v2\/media\/30025"}],"wp:attachment":[{"href":"https:\/\/szigja.hu\/2021\/wp-json\/wp\/v2\/media?parent=30047"}],"wp:term":[{"taxonomy":"category","embeddable":true,"href":"https:\/\/szigja.hu\/2021\/wp-json\/wp\/v2\/categories?post=30047"},{"taxonomy":"post_tag","embeddable":true,"href":"https:\/\/szigja.hu\/2021\/wp-json\/wp\/v2\/tags?post=30047"}],"curies":[{"name":"wp","href":"https:\/\/api.w.org\/{rel}","templated":true}]}}