{"id":30052,"date":"2026-04-27T20:29:25","date_gmt":"2026-04-27T20:29:25","guid":{"rendered":"https:\/\/szigja.hu\/2021\/?p=30052"},"modified":"2026-04-27T20:29:31","modified_gmt":"2026-04-27T20:29:31","slug":"kirandulas-esztergomba","status":"publish","type":"post","link":"https:\/\/szigja.hu\/2021\/2026\/04\/27\/kirandulas-esztergomba\/","title":{"rendered":"Kir\u00e1ndul\u00e1s Esztergomba"},"content":{"rendered":"<p>[et_pb_section fb_built=&#8221;1&#8243; _builder_version=&#8221;4.13.0&#8243; _module_preset=&#8221;default&#8221; global_colors_info=&#8221;{}&#8221; theme_builder_area=&#8221;post_content&#8221;][et_pb_row _builder_version=&#8221;4.13.0&#8243; _module_preset=&#8221;default&#8221; global_colors_info=&#8221;{}&#8221; theme_builder_area=&#8221;post_content&#8221;][et_pb_column type=&#8221;4_4&#8243; _builder_version=&#8221;4.13.0&#8243; _module_preset=&#8221;default&#8221; global_colors_info=&#8221;{}&#8221; theme_builder_area=&#8221;post_content&#8221;][et_pb_text _builder_version=&#8221;4.13.1&#8243; _module_preset=&#8221;default&#8221; hover_enabled=&#8221;0&#8243; global_colors_info=&#8221;{}&#8221; theme_builder_area=&#8221;post_content&#8221; sticky_enabled=&#8221;0&#8243;]<\/p>\n<div data-olk-copy-source=\"MessageBody\">Kir\u00e1ndul\u00e1s Esztergomba<\/div>\n<div>\u00a0<\/div>\n<div>\u00c1prilis 24-\u00e9n iskol\u00e1nk 25 nyolcadik oszt\u00e1lyos tanul\u00f3ja kir\u00e1ndul\u00e1son vett r\u00e9szt Esztergom v\u00e1ros\u00e1ban. A program els\u0151 \u00e1llom\u00e1sa a Babits Mih\u00e1ly Eml\u00e9kh\u00e1z volt, ahol megismerkedt\u00fcnk Babits Mih\u00e1ly \u00e9let\u00e9vel \u00e9s munk\u00e1ss\u00e1g\u00e1val. A k\u00f6lt\u0151 \u00e9s feles\u00e9ge egykor itt v\u00e1s\u00e1rolt nyaral\u00f3t, amely k\u00e9s\u0151bb Babits sz\u00e1m\u00e1ra fontos pihen\u0151- \u00e9s alkot\u00f3helly\u00e9 v\u00e1lt.\u00a0<\/div>\n<div>A nyaral\u00f3b\u00f3l leny\u0171g\u00f6z\u0151 kil\u00e1t\u00e1s ny\u00edlt az esztergomi bazilik\u00e1ra.<\/div>\n<div>K\u00fcl\u00f6n\u00f6sen \u00e9rdekes volt a h\u00edres autogramfal megtekint\u00e9se, ahov\u00e1 Babits bar\u00e1tai \u00e9s vend\u00e9gei rajzsz\u00e9nnel \u00edrhatt\u00e1k fel al\u00e1\u00edr\u00e1sukat, meg\u00f6r\u00f6k\u00edtve l\u00e1togat\u00e1sukat.\u00a0<\/div>\n<div>Az eml\u00e9kh\u00e1z megtekint\u00e9se ut\u00e1n kisvonatra sz\u00e1lltunk, amellyel k\u00f6rbej\u00e1rtuk Esztergom nevezetess\u00e9geit, majd \u00e1tkelt\u00fcnk a k\u00f6zeli P\u00e1rk\u00e1ny v\u00e1ros\u00e1ba is. A kir\u00e1ndul\u00e1s sor\u00e1n sok \u00e9lm\u00e9nnyel gazdagodtunk, \u00e9s igaz\u00e1n j\u00f3l siker\u00fclt, tartalmas napot t\u00f6lthett\u00fcnk egy\u00fctt.<\/div>\n<p>[\/et_pb_text][et_pb_gallery gallery_ids=&#8221;30040,30039,30041,30042&#8243; posts_number=&#8221;10&#8243; show_title_and_caption=&#8221;off&#8221; _builder_version=&#8221;4.13.1&#8243; _module_preset=&#8221;default&#8221; hover_enabled=&#8221;0&#8243; global_colors_info=&#8221;{}&#8221; theme_builder_area=&#8221;post_content&#8221; sticky_enabled=&#8221;0&#8243;][\/et_pb_gallery][\/et_pb_column][\/et_pb_row][\/et_pb_section]<\/p>\n","protected":false},"excerpt":{"rendered":"<p>Kir\u00e1ndul\u00e1s Esztergomba \u00a0 \u00c1prilis 24-\u00e9n iskol\u00e1nk 25 nyolcadik oszt\u00e1lyos tanul\u00f3ja kir\u00e1ndul\u00e1son vett r\u00e9szt Esztergom v\u00e1ros\u00e1ban. A program els\u0151 \u00e1llom\u00e1sa a Babits Mih\u00e1ly Eml\u00e9kh\u00e1z volt, ahol megismerkedt\u00fcnk Babits Mih\u00e1ly \u00e9let\u00e9vel \u00e9s [&hellip;]<\/p>\n","protected":false},"author":4,"featured_media":30039,"comment_status":"closed","ping_status":"closed","sticky":false,"template":"","format":"standard","meta":{"_et_pb_use_builder":"on","_et_pb_old_content":"","_et_gb_content_width":"","cybocfi_hide_featured_image":"","footnotes":""},"categories":[4],"tags":[],"class_list":["post-30052","post","type-post","status-publish","format-standard","has-post-thumbnail","hentry","category-hirek"],"jetpack_featured_media_url":"https:\/\/i0.wp.com\/szigja.hu\/2021\/wp-content\/uploads\/2026\/04\/Messenger_creation_1CD012B7-2152-4A25-9661-66AD805C9B3C.jpeg?fit=2048%2C1536&ssl=1","_links":{"self":[{"href":"https:\/\/szigja.hu\/2021\/wp-json\/wp\/v2\/posts\/30052","targetHints":{"allow":["GET"]}}],"collection":[{"href":"https:\/\/szigja.hu\/2021\/wp-json\/wp\/v2\/posts"}],"about":[{"href":"https:\/\/szigja.hu\/2021\/wp-json\/wp\/v2\/types\/post"}],"author":[{"embeddable":true,"href":"https:\/\/szigja.hu\/2021\/wp-json\/wp\/v2\/users\/4"}],"replies":[{"embeddable":true,"href":"https:\/\/szigja.hu\/2021\/wp-json\/wp\/v2\/comments?post=30052"}],"version-history":[{"count":2,"href":"https:\/\/szigja.hu\/2021\/wp-json\/wp\/v2\/posts\/30052\/revisions"}],"predecessor-version":[{"id":30055,"href":"https:\/\/szigja.hu\/2021\/wp-json\/wp\/v2\/posts\/30052\/revisions\/30055"}],"wp:featuredmedia":[{"embeddable":true,"href":"https:\/\/szigja.hu\/2021\/wp-json\/wp\/v2\/media\/30039"}],"wp:attachment":[{"href":"https:\/\/szigja.hu\/2021\/wp-json\/wp\/v2\/media?parent=30052"}],"wp:term":[{"taxonomy":"category","embeddable":true,"href":"https:\/\/szigja.hu\/2021\/wp-json\/wp\/v2\/categories?post=30052"},{"taxonomy":"post_tag","embeddable":true,"href":"https:\/\/szigja.hu\/2021\/wp-json\/wp\/v2\/tags?post=30052"}],"curies":[{"name":"wp","href":"https:\/\/api.w.org\/{rel}","templated":true}]}}