{"id":5405,"date":"2017-10-21T16:09:04","date_gmt":"2017-10-21T14:09:04","guid":{"rendered":"http:\/\/szigja.hu\/?p=5405"},"modified":"2017-12-15T20:55:18","modified_gmt":"2017-12-15T19:55:18","slug":"unnepi-musor-az-1956-oktober-23-ai-forradalom-emlekere","status":"publish","type":"post","link":"https:\/\/szigja.hu\/2021\/2017\/10\/21\/unnepi-musor-az-1956-oktober-23-ai-forradalom-emlekere\/","title":{"rendered":"\u00dcnnepi m\u0171sor az 1956. okt\u00f3ber 23-ai forradalom eml\u00e9k\u00e9re"},"content":{"rendered":"<h3>A Radn\u00f3ti utcai \u00e9p\u00fcletben<\/h3>\n<p>K\u00f6sz\u00f6net&nbsp; a szerepl\u0151 nyolcadikos tanul\u00f3knak a dr\u00e1mai el\u0151ad\u00e1s\u00e9rt, az \u00f6t\u00f6dikes l\u00e1nyoknak a gy\u00f6ny\u00f6r\u0171 t\u00e1nc\u00e9rt, az \u00e9nekkarnak \u00e9s a k\u00eds\u00e9r\u0151 zenekarnak a bet\u00e9tdal\u00e9rt. K\u00f6sz\u00f6nj\u00fck a felk\u00e9sz\u00edt\u0151 tan\u00e1rok munk\u00e1j\u00e1t, akik a k\u00f6vetkez\u0151k voltak: Lasz\u00e1k-Vir\u00e1g Nikoletta, Cz\u00e9km\u00e1n D\u00f3ra, Lasz\u00e1k Zolt\u00e1n, Forr\u00f3 Zolt\u00e1n, D\u00f6brei \u00c1rp\u00e1d. A hangtechnik\u00e1t k\u00f6sz\u00f6nj\u00fck: Baranyai P\u00e9ternek \u00e9s Bencsics&nbsp; Istv\u00e1nnak. A sz\u00ednpadi berendez\u00e9s\u00e9rt k\u00f6sz\u00f6net Balla Gyul\u00e1nak \u00e9s P\u00e1sztor Istv\u00e1nnak.<\/p>\n<p><iframe src=\"\/\/www.youtube.com\/embed\/MMJkKzDnLm0\" width=\"800\" height=\"449\" allowfullscreen=\"allowfullscreen\"><\/iframe><\/p>\n<p>[ngg_images source=&#8221;galleries&#8221; container_ids=&#8221;22&#8243; display_type=&#8221;photocrati-nextgen_basic_thumbnails&#8221; override_thumbnail_settings=&#8221;1&#8243; thumbnail_width=&#8221;230&#8243; thumbnail_height=&#8221;170&#8243; thumbnail_crop=&#8221;1&#8243; images_per_page=&#8221;50&#8243; number_of_columns=&#8221;0&#8243; ajax_pagination=&#8221;1&#8243; show_all_in_lightbox=&#8221;0&#8243; use_imagebrowser_effect=&#8221;0&#8243; show_slideshow_link=&#8221;1&#8243; slideshow_link_text=&#8221;Diavet\u00edt\u00e9s ind\u00edt\u00e1sa&#8221; order_by=&#8221;sortorder&#8221; order_direction=&#8221;ASC&#8221; returns=&#8221;included&#8221; maximum_entity_count=&#8221;500&#8243;]<\/p>\n<h3>A Csokonai utcai \u00e9p\u00fcletben<\/h3>\n<p>Az els\u0151 emeleti aul\u00e1ban tartottuk \u00fcnnepi megeml\u00e9kez\u00e9s\u00fcnket a 4. \u00f3ra elej\u00e9n. K\u00f6sz\u00f6nj\u00fck az el\u0151ad\u00e1st Holecska Dorka \u00e9s Kulim\u00e1k Petra 1. g oszt\u00e1lyos tanul\u00f3knak, valamint Feh\u00e9r Erzs\u00e9bet tan\u00edt\u00f3 n\u00e9ninek.&nbsp;<\/p>\n<p>[ngg_images source=&#8221;galleries&#8221; container_ids=&#8221;21&#8243; display_type=&#8221;photocrati-nextgen_basic_thumbnails&#8221; override_thumbnail_settings=&#8221;1&#8243; thumbnail_width=&#8221;230&#8243; thumbnail_height=&#8221;170&#8243; thumbnail_crop=&#8221;1&#8243; images_per_page=&#8221;50&#8243; number_of_columns=&#8221;0&#8243; ajax_pagination=&#8221;1&#8243; show_all_in_lightbox=&#8221;0&#8243; use_imagebrowser_effect=&#8221;0&#8243; show_slideshow_link=&#8221;1&#8243; slideshow_link_text=&#8221;Diavet\u00edt\u00e9s ind\u00edt\u00e1sa&#8221; order_by=&#8221;sortorder&#8221; order_direction=&#8221;ASC&#8221; returns=&#8221;included&#8221; maximum_entity_count=&#8221;500&#8243;]<\/p>\n","protected":false},"excerpt":{"rendered":"<p>Megeml\u00e9kezt\u00fcnk a Csokonai utcai \u00e9s Radn\u00f3ti utcai \u00e9p\u00fcletben is.<\/p>\n","protected":false},"author":4,"featured_media":0,"comment_status":"closed","ping_status":"closed","sticky":false,"template":"","format":"standard","meta":{"_et_pb_use_builder":"","_et_pb_old_content":"","_et_gb_content_width":"","cybocfi_hide_featured_image":"","footnotes":""},"categories":[],"tags":[],"class_list":["post-5405","post","type-post","status-publish","format-standard","hentry"],"jetpack_featured_media_url":"","_links":{"self":[{"href":"https:\/\/szigja.hu\/2021\/wp-json\/wp\/v2\/posts\/5405","targetHints":{"allow":["GET"]}}],"collection":[{"href":"https:\/\/szigja.hu\/2021\/wp-json\/wp\/v2\/posts"}],"about":[{"href":"https:\/\/szigja.hu\/2021\/wp-json\/wp\/v2\/types\/post"}],"author":[{"embeddable":true,"href":"https:\/\/szigja.hu\/2021\/wp-json\/wp\/v2\/users\/4"}],"replies":[{"embeddable":true,"href":"https:\/\/szigja.hu\/2021\/wp-json\/wp\/v2\/comments?post=5405"}],"version-history":[{"count":5,"href":"https:\/\/szigja.hu\/2021\/wp-json\/wp\/v2\/posts\/5405\/revisions"}],"predecessor-version":[{"id":5499,"href":"https:\/\/szigja.hu\/2021\/wp-json\/wp\/v2\/posts\/5405\/revisions\/5499"}],"wp:attachment":[{"href":"https:\/\/szigja.hu\/2021\/wp-json\/wp\/v2\/media?parent=5405"}],"wp:term":[{"taxonomy":"category","embeddable":true,"href":"https:\/\/szigja.hu\/2021\/wp-json\/wp\/v2\/categories?post=5405"},{"taxonomy":"post_tag","embeddable":true,"href":"https:\/\/szigja.hu\/2021\/wp-json\/wp\/v2\/tags?post=5405"}],"curies":[{"name":"wp","href":"https:\/\/api.w.org\/{rel}","templated":true}]}}