{"id":5479,"date":"2017-10-22T17:41:08","date_gmt":"2017-10-22T15:41:08","guid":{"rendered":"http:\/\/szigja.hu\/?p=5479"},"modified":"2017-10-27T13:18:29","modified_gmt":"2017-10-27T11:18:29","slug":"szavazas-sztarzoldseg-interjuk","status":"publish","type":"post","link":"https:\/\/szigja.hu\/2021\/2017\/10\/22\/szavazas-sztarzoldseg-interjuk\/","title":{"rendered":"Szavaz\u00e1s: Szt\u00e1rz\u00f6lds\u00e9g interj\u00fak"},"content":{"rendered":"<p style=\"text-align: center;\"><span style=\"font-size: 18pt;\">&#8222;Szt\u00e1rz\u00f6lds\u00e9g interj\u00fa p\u00e1ly\u00e1zat&#8221;<\/span><\/p>\n<p style=\"text-align: center;\"><em>H\u00e1ziverseny a fels\u0151 tagozaton, az almah\u00e9t keret\u00e9ben<\/em><\/p>\n<p>A &#8222;Szt\u00e1rz\u00f6lds\u00e9g interj\u00fa&#8221; \u00f6tletad\u00f3ja egy orsz\u00e1gos p\u00e1ly\u00e1zat volt. Di\u00e1kok feladatk\u00e9nt egy kreat\u00edv fogalmaz\u00e1st k\u00e9sz\u00edtettek, amiben interj\u00faszer\u0171en &#8222;p\u00e1rbesz\u00e9deket folytatnak&#8221; egy \u00e1ltaluk v\u00e1lasztott z\u00f6lds\u00e9ggel. Az interj\u00faban ki kellett t\u00e9rni a szt\u00e1rz\u00f6lds\u00e9g sz\u00e1rmaz\u00e1s\u00e1ra, \u00e9let\u00fatj\u00e1ra, j\u00f3t\u00e9kony hat\u00e1saira, esetlegesen olyan tulajdons\u00e1gokra is, amit\u0151l \u00f3vakodnunk kellene.<\/p>\n<p>A gyerekek nagyon \u00fcgyesek voltak, kreat\u00edvan oldott\u00e1k meg a riportokat. A f\u00fcggetlen tan\u00e1rokb\u00f3l \u00e1ll\u00f3 zs\u0171ri is j\u00f3l sz\u00f3rakozott a vicces fogalmaz\u00e1sokon \u00e9s az \u00e9rt\u00e9kel\u00e9s\u00fck ut\u00e1n m\u00e1r d\u00edjazta a munk\u00e1kat.<\/p>\n<p>\u00dagy gondoltuk, hogy a nagy sikerre val\u00f3 tekintettel, a riportokat a honlapunkon is el\u00e9rhet\u0151v\u00e9 tessz\u00fck. Itt mindenki elolvashatja \u00e9s szavazhat a kedvencre. Megk\u00e9rj\u00fck az olvas\u00f3 k\u00f6z\u00f6ns\u00e9get, szavaz\u00e1sukkal jelezz\u00e9k v\u00e9lem\u00e9ny\u00fcket.<\/p>\n<p><strong>A legt\u00f6bb k\u00f6z\u00f6ns\u00e9gszavazatot el\u00e9rt riportokat k\u00fcl\u00f6nd\u00edjban is szeretn\u00e9nk r\u00e9szes\u00edteni!<\/strong><\/p>\n<p>Der\u00fclj\u00f6n ki, hogy a K\u00d6Z\u00d6NS\u00c9G SZ\u00c1M\u00c1RA KIK A LEGJOBBAK!<\/p>\n<p>A szavaz\u00e1s az \u0151szi sz\u00fcnet v\u00e9g\u00e9ig tart, eredm\u00e9nyhirdet\u00e9s november 10-\u00e9n lesz.<\/p>\n<p>K\u00f6sz\u00f6nj\u00fck az \u00e9rt\u00e9kel\u00e9st!<\/p>\n<h3>Az interj\u00fak:<\/h3>\n<ul>\n<li><a href=\"http:\/\/szigja.hu\/wp-content\/uploads\/2017\/10\/fogalmaz\u00e1s1..pdf\">1. interj\u00fa<\/a><\/li>\n<li><a href=\"http:\/\/szigja.hu\/wp-content\/uploads\/2017\/10\/fogalmaz\u00e1s2..pdf\">2. interj\u00fa<\/a><\/li>\n<li><a href=\"http:\/\/szigja.hu\/wp-content\/uploads\/2017\/10\/fogalmaz\u00e1s3..pdf\">3. interj\u00fa<\/a><\/li>\n<li><a href=\"http:\/\/szigja.hu\/wp-content\/uploads\/2017\/10\/fogalmaz\u00e1s4..pdf\">4. interj\u00fa<\/a><\/li>\n<li><a href=\"http:\/\/szigja.hu\/wp-content\/uploads\/2017\/10\/fogalmaz\u00e1s5..pdf\">5. interj\u00fa<\/a><\/li>\n<li><a href=\"http:\/\/szigja.hu\/wp-content\/uploads\/2017\/10\/fogalmaz\u00e1s6..pdf\">6. interj\u00fa<\/a><\/li>\n<li><a href=\"http:\/\/szigja.hu\/wp-content\/uploads\/2017\/10\/fogalmaz\u00e1s7..pdf\">7. interj\u00fa<\/a><\/li>\n<li><a href=\"http:\/\/szigja.hu\/wp-content\/uploads\/2017\/10\/fogalmaz\u00e1s8..pdf\">8. interj\u00fa<\/a><\/li>\n<li><a href=\"http:\/\/szigja.hu\/wp-content\/uploads\/2017\/10\/fogalmaz\u00e1s9..pdf\">9. interj\u00fa<\/a><\/li>\n<li><a href=\"http:\/\/szigja.hu\/wp-content\/uploads\/2017\/10\/fogalmaz\u00e1s10..pdf\">10. interj\u00fa<\/a><\/li>\n<li><a href=\"http:\/\/szigja.hu\/wp-content\/uploads\/2017\/10\/fogalmaz\u00e1s11..pdf\">11. interj\u00fa<\/a><\/li>\n<li><a href=\"http:\/\/szigja.hu\/wp-content\/uploads\/2017\/10\/fogalmaz\u00e1s12..pdf\">12. interj\u00fa<\/a><\/li>\n<li><a href=\"http:\/\/szigja.hu\/wp-content\/uploads\/2017\/10\/fogalmaz\u00e1s13..pdf\">13. interj\u00fa<\/a><\/li>\n<li><a href=\"http:\/\/szigja.hu\/wp-content\/uploads\/2017\/10\/fogalmaz\u00e1s14..pdf\">14. interj\u00fa<\/a><\/li>\n<li><a href=\"http:\/\/szigja.hu\/wp-content\/uploads\/2017\/10\/fogalmaz\u00e1s15..pdf\">15. interj\u00fa<\/a><\/li>\n<\/ul>\n<p><iframe src=\"https:\/\/docs.google.com\/forms\/d\/e\/1FAIpQLSftPgSKK6jqW8hHn9TvKNVaIwWSrkXRoeEi8md45FXRyLyvLg\/viewform?embedded=true#start=embed\" width=\"800\" height=\"1500\" frameborder=\"0\" marginwidth=\"0\" marginheight=\"0\">Bet\u00f6lt\u00e9s&#8230;<\/iframe><\/p>\n","protected":false},"excerpt":{"rendered":"<p>A &#8222;Szt\u00e1rz\u00f6lds\u00e9g interj\u00fa&#8221; \u00f6tletad\u00f3ja egy orsz\u00e1gos p\u00e1ly\u00e1zat volt. Di\u00e1kok feladatk\u00e9nt egy kreat\u00edv fogalmaz\u00e1st k\u00e9sz\u00edtettek, amiben interj\u00faszer\u0171en &#8222;p\u00e1rbesz\u00e9deket folytatnak&#8221; egy \u00e1ltaluk v\u00e1lasztott z\u00f6lds\u00e9ggel. <\/p>\n","protected":false},"author":4,"featured_media":0,"comment_status":"closed","ping_status":"closed","sticky":false,"template":"","format":"standard","meta":{"_et_pb_use_builder":"","_et_pb_old_content":"","_et_gb_content_width":"","cybocfi_hide_featured_image":"","footnotes":""},"categories":[],"tags":[],"class_list":["post-5479","post","type-post","status-publish","format-standard","hentry"],"jetpack_featured_media_url":"","_links":{"self":[{"href":"https:\/\/szigja.hu\/2021\/wp-json\/wp\/v2\/posts\/5479","targetHints":{"allow":["GET"]}}],"collection":[{"href":"https:\/\/szigja.hu\/2021\/wp-json\/wp\/v2\/posts"}],"about":[{"href":"https:\/\/szigja.hu\/2021\/wp-json\/wp\/v2\/types\/post"}],"author":[{"embeddable":true,"href":"https:\/\/szigja.hu\/2021\/wp-json\/wp\/v2\/users\/4"}],"replies":[{"embeddable":true,"href":"https:\/\/szigja.hu\/2021\/wp-json\/wp\/v2\/comments?post=5479"}],"version-history":[{"count":5,"href":"https:\/\/szigja.hu\/2021\/wp-json\/wp\/v2\/posts\/5479\/revisions"}],"predecessor-version":[{"id":5508,"href":"https:\/\/szigja.hu\/2021\/wp-json\/wp\/v2\/posts\/5479\/revisions\/5508"}],"wp:attachment":[{"href":"https:\/\/szigja.hu\/2021\/wp-json\/wp\/v2\/media?parent=5479"}],"wp:term":[{"taxonomy":"category","embeddable":true,"href":"https:\/\/szigja.hu\/2021\/wp-json\/wp\/v2\/categories?post=5479"},{"taxonomy":"post_tag","embeddable":true,"href":"https:\/\/szigja.hu\/2021\/wp-json\/wp\/v2\/tags?post=5479"}],"curies":[{"name":"wp","href":"https:\/\/api.w.org\/{rel}","templated":true}]}}