{"id":5517,"date":"2017-10-27T12:38:42","date_gmt":"2017-10-27T10:38:42","guid":{"rendered":"http:\/\/szigja.hu\/?p=5517"},"modified":"2017-11-05T23:10:08","modified_gmt":"2017-11-05T22:10:08","slug":"tajekoztato-az-oszi-szunetben-biztositott-szunidei-gyermeketkeztetesrol","status":"publish","type":"post","link":"https:\/\/szigja.hu\/2021\/2017\/10\/27\/tajekoztato-az-oszi-szunetben-biztositott-szunidei-gyermeketkeztetesrol\/","title":{"rendered":"T\u00e1j\u00e9koztat\u00f3 az \u0151szi sz\u00fcnetben biztos\u00edtott sz\u00fcnidei gyermek\u00e9tkeztet\u00e9sr\u0151l"},"content":{"rendered":"<p>A gyermekek v\u00e9delm\u00e9r\u0151l \u00e9s a gy\u00e1m\u00fcgyi igazgat\u00e1sr\u00f3l sz\u00f3l\u00f3 1998. \u00e9vi XXXI. t\u00f6rv\u00e9ny 2016 janu\u00e1r 1-j\u00e9vel bevezette a sz\u00fcnidei gyermek\u00e9tkeztet\u00e9st, mint \u00faj term\u00e9szetbeni ell\u00e1t\u00e1st.<\/p>\n<p>Sz\u00fcnidei gyermek\u00e9tkeztet\u00e9s keret\u00e9ben a d\u00e9li meleg f\u0151\u00e9tkez\u00e9st a sz\u00fcl\u0151, t\u00f6rv\u00e9nyes k\u00e9pvisel\u0151 k\u00e9relm\u00e9re minden telep\u00fcl\u00e9si \u00f6nkorm\u00e1nyzat k\u00f6teles biztos\u00edtani a h\u00e1tr\u00e1nyos helyzet\u0171, \u00e9s a rendszeres gyermekv\u00e9delmi kedvezm\u00e9nyben r\u00e9szes\u00fcl\u0151 halmozottan h\u00e1tr\u00e1nyos helyzet\u0171 gyermek r\u00e9sz\u00e9re.<\/p>\n<p><strong>A 2017\/2018. tan\u00e9vben, az \u0151szi sz\u00fcnet id\u0151szak\u00e1ban n\u00e9gy munkanapra (okt\u00f3ber 30., 31. \u00e9s november 2., 3.) biztos\u00edtja az \u00f6nkorm\u00e1nyzat a fenti ell\u00e1t\u00e1st.<\/strong><\/p>\n<p>\u00d6nkorm\u00e1nyzatunk a sz\u00fcnidei gyermek\u00e9tkeztet\u00e9st az \u00e9tel elvitel\u00e9vel biztos\u00edtja. Az \u00e9telhord\u00f3 biztos\u00edt\u00e1sa a sz\u00fcl\u0151\/t\u00f6rv\u00e9nyes k\u00e9pvisel\u0151 feladata.<\/p>\n<p><strong>Fentiek alapj\u00e1n az \u0151szi sz\u00fcnet id\u0151szak\u00e1ra az ingyenes d\u00e9li meleg f\u0151\u00e9telt az arra jogosultak \u00e9s azt el\u0151zetesen ig\u00e9nyl\u0151k 2017. okt\u00f3ber 30., 31. \u00e9s november 2., 3. napokra a V\u00e1rosi B\u00f6lcs\u0151de -Szigetszentmikl\u00f3s, Szent Mikl\u00f3s \u00fatja 8\/A sz\u00e1m alatti konyh\u00e1j\u00e1r\u00f3l 11:00-13:00 \u00f3ra k\u00f6z\u00f6tti id\u0151szakban vihetik el.<\/strong><\/p>\n<p>Az \u00e9tel \u00e1tv\u00e9tel\u00e9nek a gyermek jogosults\u00e1g\u00e1t igazol\u00f3 hat\u00e1rozatot \u00e9s a sz\u00fcl\u0151\/t\u00f6rv\u00e9nyes k\u00e9pvisel\u0151 szem\u00e9lyi igazolv\u00e1ny\u00e1t, lakc\u00edmk\u00e1rty\u00e1j\u00e1t fel kell mutatni.<\/p>\n<p>A sz\u00fcl\u0151\/t\u00f6rv\u00e9nyes k\u00e9pvisel\u0151 akad\u00e1lyoztat\u00e1sa eset\u00e9n (\u00edr\u00e1sbeli) meghatalmazottja is gondoskodhat az \u00e9ltel elsz\u00e1ll\u00edt\u00e1s\u00e1r\u00f3l.<\/p>\n<p style=\"text-align: center;\">[maxbutton id=&#8221;1&#8243; url=&#8221;http:\/\/szigja.hu\/wp-content\/uploads\/2017\/10\/SKM_22717102411040.pdf&#8221; text=&#8221;PDF form\u00e1tum let\u00f6lt\u00e9se&#8221; ]<\/p>\n","protected":false},"excerpt":{"rendered":"<p>\u00d6nkorm\u00e1nyzatunk d\u00e9li meleg f\u0151\u00e9telt biztos\u00edt a h\u00e1tr\u00e1nyos helyzet\u0171, \u00e9s a rendszeres gyermekv\u00e9delmi kedvezm\u00e9nyben r\u00e9szes\u00fcl\u0151 halmozottan h\u00e1tr\u00e1nyos helyzet\u0171 gyermek r\u00e9sz\u00e9re.<\/p>\n","protected":false},"author":4,"featured_media":0,"comment_status":"closed","ping_status":"closed","sticky":false,"template":"","format":"standard","meta":{"_et_pb_use_builder":"","_et_pb_old_content":"","_et_gb_content_width":"","cybocfi_hide_featured_image":"","footnotes":""},"categories":[],"tags":[],"class_list":["post-5517","post","type-post","status-publish","format-standard","hentry"],"jetpack_featured_media_url":"","_links":{"self":[{"href":"https:\/\/szigja.hu\/2021\/wp-json\/wp\/v2\/posts\/5517","targetHints":{"allow":["GET"]}}],"collection":[{"href":"https:\/\/szigja.hu\/2021\/wp-json\/wp\/v2\/posts"}],"about":[{"href":"https:\/\/szigja.hu\/2021\/wp-json\/wp\/v2\/types\/post"}],"author":[{"embeddable":true,"href":"https:\/\/szigja.hu\/2021\/wp-json\/wp\/v2\/users\/4"}],"replies":[{"embeddable":true,"href":"https:\/\/szigja.hu\/2021\/wp-json\/wp\/v2\/comments?post=5517"}],"version-history":[{"count":1,"href":"https:\/\/szigja.hu\/2021\/wp-json\/wp\/v2\/posts\/5517\/revisions"}],"predecessor-version":[{"id":5519,"href":"https:\/\/szigja.hu\/2021\/wp-json\/wp\/v2\/posts\/5517\/revisions\/5519"}],"wp:attachment":[{"href":"https:\/\/szigja.hu\/2021\/wp-json\/wp\/v2\/media?parent=5517"}],"wp:term":[{"taxonomy":"category","embeddable":true,"href":"https:\/\/szigja.hu\/2021\/wp-json\/wp\/v2\/categories?post=5517"},{"taxonomy":"post_tag","embeddable":true,"href":"https:\/\/szigja.hu\/2021\/wp-json\/wp\/v2\/tags?post=5517"}],"curies":[{"name":"wp","href":"https:\/\/api.w.org\/{rel}","templated":true}]}}