{"id":5536,"date":"2017-10-27T12:51:37","date_gmt":"2017-10-27T10:51:37","guid":{"rendered":"http:\/\/szigja.hu\/?p=5536"},"modified":"2017-10-29T15:06:32","modified_gmt":"2017-10-29T14:06:32","slug":"zoldseg-gyumolcsszobor-kiallitas-az-aulaban","status":"publish","type":"post","link":"https:\/\/szigja.hu\/2021\/2017\/10\/27\/zoldseg-gyumolcsszobor-kiallitas-az-aulaban\/","title":{"rendered":"Z\u00f6lds\u00e9g-gy\u00fcm\u00f6lcsszobor ki\u00e1ll\u00edt\u00e1s az aul\u00e1ban"},"content":{"rendered":"<p>A fels\u0151s\u00f6k az Alma Nap rendezv\u00e9nyeinek r\u00e9szek\u00e9nt ki\u00e1ll\u00edt\u00e1st szerveztek a Radn\u00f3ti utcai \u00e9p\u00fclet\u00fcnk aul\u00e1j\u00e1ban.<!--more--><\/p>\n<p>A feladat az volt, hogy k\u00e9sz\u00edtsenek &#8222;\u00e9l\u0151 k\u00e9peket&#8221; vagy szobrokat gy\u00fcm\u00f6lcs\u00f6k, z\u00f6lds\u00e9gek felhaszn\u00e1l\u00e1s\u00e1val.<\/p>\n<p>Nagyon kreat\u00edv \u00e9s m\u00f3k\u00e1s munk\u00e1kat csod\u00e1lhattunk meg&#8230; Nem csak egy\u00e9ni alkot\u00e1sok sz\u00fclettek, t\u00f6bb oszt\u00e1lyb\u00f3l eg\u00e9sz t\u00e1lc\u00e1nyi mesejeleneteket dolgoztak ki az \u00fcgyes kez\u0171 di\u00e1kcsoportjaink.<\/p>\n<p>K\u00e1r, hogy az alkot\u00e1sokat csak 2 napig tudtuk bemutatni, ut\u00e1na \u00f6ssze kellett gy\u0171jteni, \u00edgy m\u00e9g tov\u00e1bb tudtuk hasznos\u00edtani a n\u00f6v\u00e9nyi r\u00e9szeket. A &#8222;finomabb falatokat &#8221; h\u00f6rcs\u00f6g\u00f6k, tengeri malacok \u00e9s nyulak kapt\u00e1k.<\/p>\n<p>[ngg_images source=&#8221;galleries&#8221; container_ids=&#8221;27&#8243; display_type=&#8221;photocrati-nextgen_basic_thumbnails&#8221; override_thumbnail_settings=&#8221;1&#8243; thumbnail_width=&#8221;230&#8243; thumbnail_height=&#8221;170&#8243; thumbnail_crop=&#8221;1&#8243; images_per_page=&#8221;50&#8243; number_of_columns=&#8221;0&#8243; ajax_pagination=&#8221;1&#8243; show_all_in_lightbox=&#8221;0&#8243; use_imagebrowser_effect=&#8221;0&#8243; show_slideshow_link=&#8221;1&#8243; slideshow_link_text=&#8221;Diavet\u00edt\u00e9s ind\u00edt\u00e1sa&#8221; order_by=&#8221;sortorder&#8221; order_direction=&#8221;ASC&#8221; returns=&#8221;included&#8221; maximum_entity_count=&#8221;500&#8243;]<\/p>\n","protected":false},"excerpt":{"rendered":"<p>A fels\u0151s\u00f6k az Alma Nap rendezv\u00e9nyeinek r\u00e9szek\u00e9nt ki\u00e1ll\u00edt\u00e1st szerveztek a Radn\u00f3ti utcai \u00e9p\u00fclet\u00fcnk aul\u00e1j\u00e1ban.<\/p>\n","protected":false},"author":4,"featured_media":0,"comment_status":"closed","ping_status":"closed","sticky":false,"template":"","format":"standard","meta":{"_et_pb_use_builder":"","_et_pb_old_content":"","_et_gb_content_width":"","cybocfi_hide_featured_image":"","footnotes":""},"categories":[],"tags":[],"class_list":["post-5536","post","type-post","status-publish","format-standard","hentry"],"jetpack_featured_media_url":"","_links":{"self":[{"href":"https:\/\/szigja.hu\/2021\/wp-json\/wp\/v2\/posts\/5536","targetHints":{"allow":["GET"]}}],"collection":[{"href":"https:\/\/szigja.hu\/2021\/wp-json\/wp\/v2\/posts"}],"about":[{"href":"https:\/\/szigja.hu\/2021\/wp-json\/wp\/v2\/types\/post"}],"author":[{"embeddable":true,"href":"https:\/\/szigja.hu\/2021\/wp-json\/wp\/v2\/users\/4"}],"replies":[{"embeddable":true,"href":"https:\/\/szigja.hu\/2021\/wp-json\/wp\/v2\/comments?post=5536"}],"version-history":[{"count":3,"href":"https:\/\/szigja.hu\/2021\/wp-json\/wp\/v2\/posts\/5536\/revisions"}],"predecessor-version":[{"id":5641,"href":"https:\/\/szigja.hu\/2021\/wp-json\/wp\/v2\/posts\/5536\/revisions\/5641"}],"wp:attachment":[{"href":"https:\/\/szigja.hu\/2021\/wp-json\/wp\/v2\/media?parent=5536"}],"wp:term":[{"taxonomy":"category","embeddable":true,"href":"https:\/\/szigja.hu\/2021\/wp-json\/wp\/v2\/categories?post=5536"},{"taxonomy":"post_tag","embeddable":true,"href":"https:\/\/szigja.hu\/2021\/wp-json\/wp\/v2\/tags?post=5536"}],"curies":[{"name":"wp","href":"https:\/\/api.w.org\/{rel}","templated":true}]}}