{"id":5555,"date":"2017-10-27T13:04:07","date_gmt":"2017-10-27T11:04:07","guid":{"rendered":"http:\/\/szigja.hu\/?p=5555"},"modified":"2017-11-08T17:55:13","modified_gmt":"2017-11-08T16:55:13","slug":"budapesti-komplex-szakkepzesi-centrum","status":"publish","type":"post","link":"https:\/\/szigja.hu\/2021\/2017\/10\/27\/budapesti-komplex-szakkepzesi-centrum\/","title":{"rendered":"Budapesti Komplex Szakk\u00e9pz\u00e9si Centrum"},"content":{"rendered":"<p>A szakk\u00e9pz\u00e9sr\u0151l sz\u00f3l\u00f3, 2011. \u00e9vi CLXXXVII. t\u00f6rv\u00e9ny v\u00e1ltoz\u00e1s\u00e1t k\u00f6vet\u0151en 2015. j\u00falius 1-\u00e9n megalakultak a Szakk\u00e9pz\u00e9si Centrumok.<\/p>\n<p>A Budapesti Komplex Szakk\u00e9pz\u00e9si Centrum (BKSZC) 11 tagint\u00e9zm\u00e9ny\u00e9vel az egyik legsz\u00ednesebb k\u00e9pz\u00e9si k\u00edn\u00e1lattal rendelkezik. F\u0151 tev\u00e9kenys\u00e9g\u00fcnk a szakgimn\u00e1ziumi, szakk\u00f6z\u00e9piskolai, szakiskolai oktat\u00e1s-nevel\u00e9s; nappali, esti, levelez\u0151 form\u00e1j\u00fa feln\u0151ttoktat\u00e1s, feln\u0151ttk\u00e9pz\u00e9s; valamit a H\u00cdD programok keret\u00e9ben t\u00f6rt\u00e9n\u0151 oktat\u00e1s, illetve koll\u00e9giumi ell\u00e1t\u00e1s.<\/p>\n<p>A centrumok k\u00f6z\u00f6tt tal\u00e1n a legv\u00e1ltozatosabb k\u00e9pz\u00e9si k\u00f6rrel rendelkez\u00fcnk, \u00fagy az \u00e9p\u00edt\u0151-, a fa- \u00e9s k\u00f6nny\u0171ipar, g\u00e9p\u00e9szet, mind a sport \u00e9s informatika, tov\u00e1bb\u00e1 a sz\u00e9p\u00e9szeti t\u00e9m\u00e1j\u00fa k\u00e9pz\u00e9sek oktat\u00e1s\u00e1ban is \u00e9len j\u00e1runk. N\u00e9h\u00e1ny k\u00e9pes\u00edt\u00e9st az orsz\u00e1gban egyed\u00fclik\u00e9nt oktatunk, t\u00f6bb szakma a t\u00e9rs\u00e9gben egyed\u00fcl a BKSZC-ben \u00e9rhet\u0151 el.<\/p>\n<p>C\u00e9lunk, hogy folyamatosan piack\u00e9pes \u00e9s haszn\u00e1lhat\u00f3 tud\u00e1ssal bocs\u00e1ssuk \u00fatra int\u00e9zm\u00e9nyeinkben v\u00e9gzett di\u00e1kjainkat, akik munk\u00e1ba \u00e1ll\u00e1sa \u00edgy biztosabbnak \u00e9s gyorsabbnak bizonyul.<\/p>\n<p style=\"text-align: center;\">[maxbutton id=&#8221;1&#8243; url=&#8221;http:\/\/szigja.hu\/wp-content\/uploads\/2017\/10\/budapesti_komplex_szakkepzesi_centrum_.pdf&#8221; text=&#8221;T\u00e1j\u00e9koztat\u00f3 let\u00f6lt\u00e9se (PDF)&#8221; ]<\/p>\n","protected":false},"excerpt":{"rendered":"<p>A szakk\u00e9pz\u00e9sr\u0151l sz\u00f3l\u00f3, 2011. \u00e9vi CLXXXVII. t\u00f6rv\u00e9ny v\u00e1ltoz\u00e1s\u00e1t k\u00f6vet\u0151en 2015. j\u00falius 1-\u00e9n megalakultak a Szakk\u00e9pz\u00e9si Centrumok. A Budapesti Komplex Szakk\u00e9pz\u00e9si Centrum (BKSZC) 11 tagint\u00e9zm\u00e9ny\u00e9vel az egyik legsz\u00ednesebb k\u00e9pz\u00e9si k\u00edn\u00e1lattal rendelkezik. [&hellip;]<\/p>\n","protected":false},"author":4,"featured_media":0,"comment_status":"closed","ping_status":"closed","sticky":false,"template":"","format":"standard","meta":{"_et_pb_use_builder":"","_et_pb_old_content":"","_et_gb_content_width":"","cybocfi_hide_featured_image":"","footnotes":""},"categories":[],"tags":[],"class_list":["post-5555","post","type-post","status-publish","format-standard","hentry"],"jetpack_featured_media_url":"","_links":{"self":[{"href":"https:\/\/szigja.hu\/2021\/wp-json\/wp\/v2\/posts\/5555","targetHints":{"allow":["GET"]}}],"collection":[{"href":"https:\/\/szigja.hu\/2021\/wp-json\/wp\/v2\/posts"}],"about":[{"href":"https:\/\/szigja.hu\/2021\/wp-json\/wp\/v2\/types\/post"}],"author":[{"embeddable":true,"href":"https:\/\/szigja.hu\/2021\/wp-json\/wp\/v2\/users\/4"}],"replies":[{"embeddable":true,"href":"https:\/\/szigja.hu\/2021\/wp-json\/wp\/v2\/comments?post=5555"}],"version-history":[{"count":3,"href":"https:\/\/szigja.hu\/2021\/wp-json\/wp\/v2\/posts\/5555\/revisions"}],"predecessor-version":[{"id":5560,"href":"https:\/\/szigja.hu\/2021\/wp-json\/wp\/v2\/posts\/5555\/revisions\/5560"}],"wp:attachment":[{"href":"https:\/\/szigja.hu\/2021\/wp-json\/wp\/v2\/media?parent=5555"}],"wp:term":[{"taxonomy":"category","embeddable":true,"href":"https:\/\/szigja.hu\/2021\/wp-json\/wp\/v2\/categories?post=5555"},{"taxonomy":"post_tag","embeddable":true,"href":"https:\/\/szigja.hu\/2021\/wp-json\/wp\/v2\/tags?post=5555"}],"curies":[{"name":"wp","href":"https:\/\/api.w.org\/{rel}","templated":true}]}}