{"id":5848,"date":"2017-11-08T17:57:42","date_gmt":"2017-11-08T16:57:42","guid":{"rendered":"http:\/\/szigja.hu\/?p=5848"},"modified":"2017-11-09T14:44:48","modified_gmt":"2017-11-09T13:44:48","slug":"tovabbtanulasi-informaciok-3","status":"publish","type":"post","link":"https:\/\/szigja.hu\/2021\/2017\/11\/08\/tovabbtanulasi-informaciok-3\/","title":{"rendered":"Tov\u00e1bbtanul\u00e1si inform\u00e1ci\u00f3k"},"content":{"rendered":"<p>Leg\u00fajabbak:<\/p>\n<ul>\n<li><a href=\"http:\/\/szigja.hu\/bmszkc-than-karoly-okoiskolaja-g-szg-szki\/\">Budapesti M\u0171szaki Szakk\u00e9pz\u00e9si Centrum Than K\u00e1roly \u00d6koiskol\u00e1ja, Gimn\u00e1ziuma, Szakgimn\u00e1ziuma \u00e9s Szakk\u00f6z\u00e9piskol\u00e1ja<\/a><\/li>\n<li><a href=\"http:\/\/www.vasarhelyi.info\/hirek\/249-hirek\/236-nyitott-kapu\">BGSZC V\u00e1s\u00e1rhelyi P\u00e1l Kereskedelmi Szakgimn\u00e1ziuma<\/a><\/li>\n<li><a href=\"http:\/\/szigja.hu\/wp-content\/uploads\/2017\/11\/Csete-Bal\u00e1zs-SZC-prospektus-2018.pdf\">Budapesti Gazdas\u00e1gi Szakk\u00e9pz\u00e9si Centrum Csete Bal\u00e1zs Szakgimn\u00e1ziuma<\/a><\/li>\n<li><a href=\"http:\/\/szigja.hu\/wp-content\/uploads\/2017\/11\/NY\u00cdLT-NAP-plak\u00e1t_K\u00e1rolyi-Mih\u00e1ly.doc\">BGSZC K\u00e1rolyi Mih\u00e1ly K\u00e9t Tan\u00edt\u00e1si Nyelv\u0171 K\u00f6zgazdas\u00e1gi Szakgimn\u00e1zium<\/a><\/li>\n<li><a href=\"http:\/\/szigja.hu\/wp-content\/uploads\/2017\/11\/nynapok.h\u00edrd.honlap-2017_v\u00e9gleges_Weiner.pdf\">Weiner Sz\u00f3lamai &#8211; Ny\u00edlt napok<\/a><\/li>\n<li><a href=\"http:\/\/szigja.hu\/wp-content\/uploads\/2017\/11\/T\u00e1j\u00e9koztat\u00f3-8-oszt-tanul\u00f3knak_Jaschik.pdf\">Jaschik \u00c1lmos M\u0171v\u00e9szeti Szakgimn\u00e1zium<\/a><\/li>\n<li><a href=\"http:\/\/szigja.hu\/wp-content\/uploads\/2017\/11\/Weiner_felv.taj_2018_2019_tan\u00e9vre.pdf\">Weiner Le\u00f3 Zeneiskola AMI \u00e9s Zenem\u0171v\u00e9szeti Szakgimn\u00e1zium<\/a><\/li>\n<\/ul>\n<p>Figyelm\u00fckbe aj\u00e1nljuk m\u00e9g:<\/p>\n<ul>\n<li><a href=\"http:\/\/szigja.hu\/budapesti-komplex-szakkepzesi-centrum\/\">Budapesti Komplex Szakk\u00e9pz\u00e9si Centrum<\/a><\/li>\n<li><a href=\"http:\/\/szigja.hu\/nyilt-napok-a-schulek-frigyes-iskolaban\/\">Budapesti Komplex Szakk\u00e9pz\u00e9si Centrum Schulek Frigyes K\u00e9t Tan\u00edt\u00e1si Nyelv\u0171 \u00c9p\u00edt\u0151ipari Szakgimn\u00e1ziuma<\/a><\/li>\n<li><a href=\"http:\/\/szigja.hu\/nyilt-nap-a-kardos-istvan-alt-isk-g-es-szg-ban\/\">Ny\u00edlt nap a Kardos Istv\u00e1n \u00c1ltal\u00e1nos Iskola, Gimn\u00e1zium \u00e9s Szakgimn\u00e1ziumban<\/a><\/li>\n<li><a href=\"http:\/\/szigja.hu\/fm-aszk-petervasarai-mezogazdasagi-szg-szk-es-k\/\">FM ASzK \u2013 P\u00e9terv\u00e1s\u00e1rai Mez\u0151gazdas\u00e1gi Szakgimn\u00e1ziuma, Szakk\u00f6z\u00e9piskol\u00e1ja \u00e9s Koll\u00e9giuma<\/a><\/li>\n<\/ul>\n","protected":false},"excerpt":{"rendered":"<p>Leg\u00fajabb tov\u00e1bbtanul\u00e1si aj\u00e1nl\u00f3nk<\/p>\n","protected":false},"author":4,"featured_media":0,"comment_status":"closed","ping_status":"closed","sticky":false,"template":"","format":"standard","meta":{"_et_pb_use_builder":"","_et_pb_old_content":"","_et_gb_content_width":"","cybocfi_hide_featured_image":"","footnotes":""},"categories":[],"tags":[],"class_list":["post-5848","post","type-post","status-publish","format-standard","hentry"],"jetpack_featured_media_url":"","_links":{"self":[{"href":"https:\/\/szigja.hu\/2021\/wp-json\/wp\/v2\/posts\/5848","targetHints":{"allow":["GET"]}}],"collection":[{"href":"https:\/\/szigja.hu\/2021\/wp-json\/wp\/v2\/posts"}],"about":[{"href":"https:\/\/szigja.hu\/2021\/wp-json\/wp\/v2\/types\/post"}],"author":[{"embeddable":true,"href":"https:\/\/szigja.hu\/2021\/wp-json\/wp\/v2\/users\/4"}],"replies":[{"embeddable":true,"href":"https:\/\/szigja.hu\/2021\/wp-json\/wp\/v2\/comments?post=5848"}],"version-history":[{"count":4,"href":"https:\/\/szigja.hu\/2021\/wp-json\/wp\/v2\/posts\/5848\/revisions"}],"predecessor-version":[{"id":5904,"href":"https:\/\/szigja.hu\/2021\/wp-json\/wp\/v2\/posts\/5848\/revisions\/5904"}],"wp:attachment":[{"href":"https:\/\/szigja.hu\/2021\/wp-json\/wp\/v2\/media?parent=5848"}],"wp:term":[{"taxonomy":"category","embeddable":true,"href":"https:\/\/szigja.hu\/2021\/wp-json\/wp\/v2\/categories?post=5848"},{"taxonomy":"post_tag","embeddable":true,"href":"https:\/\/szigja.hu\/2021\/wp-json\/wp\/v2\/tags?post=5848"}],"curies":[{"name":"wp","href":"https:\/\/api.w.org\/{rel}","templated":true}]}}