{"id":5943,"date":"2017-11-13T17:16:41","date_gmt":"2017-11-13T16:16:41","guid":{"rendered":"http:\/\/szigja.hu\/?p=5943"},"modified":"2017-11-13T17:17:29","modified_gmt":"2017-11-13T16:17:29","slug":"karate-diakolimpia","status":"publish","type":"post","link":"https:\/\/szigja.hu\/2021\/2017\/11\/13\/karate-diakolimpia\/","title":{"rendered":"Karate di\u00e1kolimpia"},"content":{"rendered":"<p>Iskol\u00e1nk 3.e oszt\u00e1lyos tanul\u00f3ja, Andris M\u00e1rk Oliv\u00e9r november 11-\u00e9n a Magyar Karate Sz\u00f6vets\u00e9g \u00e1ltal a Szigetszentmikl\u00f3si V\u00e1rosi Sportcsarnokban megrendezett WKF Karate Di\u00e1kolimpi\u00e1n a 8-9 \u00e9ves koroszt\u00e1ly Kata (formagyakorlat) versenysz\u00e1mban 17 indul\u00f3 k\u00f6z\u00fcl az 5. helyez\u00e9st \u00e9rte el! Gratul\u00e1lunk neki!<\/p>\n<p><a href=\"https:\/\/i0.wp.com\/szigja.hu\/wp-content\/uploads\/2017\/11\/karate.jpg\"><img decoding=\"async\" class=\"aligncenter size-full wp-image-5944\" src=\"https:\/\/i0.wp.com\/szigja.hu\/wp-content\/uploads\/2017\/11\/karate.jpg?resize=280%2C419\" alt=\"\" width=\"280\" height=\"419\"  data-recalc-dims=\"1\"><\/a><\/p>\n","protected":false},"excerpt":{"rendered":"<p>Iskol\u00e1nk 3.e oszt\u00e1lyos tanul\u00f3ja, Andris M\u00e1rk Oliv\u00e9r 5. helyez\u00e9st \u00e9rt el!<\/p>\n","protected":false},"author":4,"featured_media":0,"comment_status":"closed","ping_status":"closed","sticky":false,"template":"","format":"standard","meta":{"_et_pb_use_builder":"","_et_pb_old_content":"","_et_gb_content_width":"","cybocfi_hide_featured_image":"","footnotes":""},"categories":[],"tags":[],"class_list":["post-5943","post","type-post","status-publish","format-standard","hentry"],"jetpack_featured_media_url":"","_links":{"self":[{"href":"https:\/\/szigja.hu\/2021\/wp-json\/wp\/v2\/posts\/5943","targetHints":{"allow":["GET"]}}],"collection":[{"href":"https:\/\/szigja.hu\/2021\/wp-json\/wp\/v2\/posts"}],"about":[{"href":"https:\/\/szigja.hu\/2021\/wp-json\/wp\/v2\/types\/post"}],"author":[{"embeddable":true,"href":"https:\/\/szigja.hu\/2021\/wp-json\/wp\/v2\/users\/4"}],"replies":[{"embeddable":true,"href":"https:\/\/szigja.hu\/2021\/wp-json\/wp\/v2\/comments?post=5943"}],"version-history":[{"count":2,"href":"https:\/\/szigja.hu\/2021\/wp-json\/wp\/v2\/posts\/5943\/revisions"}],"predecessor-version":[{"id":5946,"href":"https:\/\/szigja.hu\/2021\/wp-json\/wp\/v2\/posts\/5943\/revisions\/5946"}],"wp:attachment":[{"href":"https:\/\/szigja.hu\/2021\/wp-json\/wp\/v2\/media?parent=5943"}],"wp:term":[{"taxonomy":"category","embeddable":true,"href":"https:\/\/szigja.hu\/2021\/wp-json\/wp\/v2\/categories?post=5943"},{"taxonomy":"post_tag","embeddable":true,"href":"https:\/\/szigja.hu\/2021\/wp-json\/wp\/v2\/tags?post=5943"}],"curies":[{"name":"wp","href":"https:\/\/api.w.org\/{rel}","templated":true}]}}