{"id":6583,"date":"2017-11-28T19:41:44","date_gmt":"2017-11-28T18:41:44","guid":{"rendered":"http:\/\/szigja.hu\/?p=6583"},"modified":"2017-12-05T14:59:50","modified_gmt":"2017-12-05T13:59:50","slug":"seizan-hazi-verseny","status":"publish","type":"post","link":"https:\/\/szigja.hu\/2021\/2017\/11\/28\/seizan-hazi-verseny\/","title":{"rendered":"Seizan H\u00e1zi verseny (friss\u00edtve)"},"content":{"rendered":"<p>T\u00f6bb tanul\u00f3nk \u00e9rt el kimagasl\u00f3 eredm\u00e9nyt.<!--more--><\/p>\n<p><strong>Karhuz Marcell,<\/strong> 2.h oszt\u00e1lyos tanul\u00f3 Szigethalmon, az elm\u00falt h\u00e9tv\u00e9g\u00e9n megrendezett Seizan (Suli &#8211; te Kupa) H\u00e1zi verseny\u00e9n Shiko dachi versenysz\u00e1mban I. helyez\u00e9st, szivacs kumit\u00e9ben pedig III. helyez\u00e9st \u00e9rt el.<\/p>\n<div class=\"et_pb_slider et_pb_slider_fullwidth_off et_pb_gallery_post_type\">\n\t\t\t\t<div class=\"et_pb_slides\">\n\t\t\t\t\t<div class=\"et_pb_slide\" style=\"background: url(https:\/\/szigja.hu\/wp-content\/uploads\/2017\/11\/karhuz2.jpg);\"><\/div><div class=\"et_pb_slide\" style=\"background: url(https:\/\/szigja.hu\/wp-content\/uploads\/2017\/11\/karhuz3.jpg);\"><\/div><div class=\"et_pb_slide\" style=\"background: url(https:\/\/szigja.hu\/wp-content\/uploads\/2017\/11\/karhuz1.jpg);\"><\/div>\n\t\t\t\t<\/div>\n\t\t\t<\/div>\n<p><strong>Benyes B\u00e1lint,<\/strong> 1.e oszt\u00e1lyos tanul\u00f3nk 2017. 11. 25-\u00e9n, a Kakusei Egyes\u00fclet tagjak\u00e9nt r\u00e9szt vett a Szigethalmi Sz\u00e9chenyi Istv\u00e1n \u00c1ltal\u00e1nos Iskol\u00e1ban megrendez\u00e9sre ker\u00fcl\u0151 karate versenyen. Shiko-dachi \u00e9s Szivacskumite versenysz\u00e1mban is arany\u00e9rmet szerzett.<\/p>\n<p>Gratul\u00e1lunk az el\u00e9rt eredm\u00e9nyhez \u00e9s b\u00fcszk\u00e9k vagyunk r\u00e1!<\/p>\n<div class=\"et_pb_slider et_pb_slider_fullwidth_off et_pb_gallery_post_type\">\n\t\t\t\t<div class=\"et_pb_slides\">\n\t\t\t\t\t<div class=\"et_pb_slide\" style=\"background: url(https:\/\/szigja.hu\/wp-content\/uploads\/2017\/12\/24093662_1691457607545094_1930660068_o.jpg);\"><\/div><div class=\"et_pb_slide\" style=\"background: url(https:\/\/szigja.hu\/wp-content\/uploads\/2017\/12\/24085337_1691457604211761_797731149_o.jpg);\"><\/div>\n\t\t\t\t<\/div>\n\t\t\t<\/div>\n","protected":false},"excerpt":{"rendered":"<p>T\u00f6bb tanul\u00f3nk \u00e9rt el kimagasl\u00f3 eredm\u00e9nyt.<\/p>\n","protected":false},"author":4,"featured_media":0,"comment_status":"closed","ping_status":"closed","sticky":false,"template":"","format":"standard","meta":{"_et_pb_use_builder":"","_et_pb_old_content":"","_et_gb_content_width":"","cybocfi_hide_featured_image":"","footnotes":""},"categories":[],"tags":[],"class_list":["post-6583","post","type-post","status-publish","format-standard","hentry"],"jetpack_featured_media_url":"","_links":{"self":[{"href":"https:\/\/szigja.hu\/2021\/wp-json\/wp\/v2\/posts\/6583","targetHints":{"allow":["GET"]}}],"collection":[{"href":"https:\/\/szigja.hu\/2021\/wp-json\/wp\/v2\/posts"}],"about":[{"href":"https:\/\/szigja.hu\/2021\/wp-json\/wp\/v2\/types\/post"}],"author":[{"embeddable":true,"href":"https:\/\/szigja.hu\/2021\/wp-json\/wp\/v2\/users\/4"}],"replies":[{"embeddable":true,"href":"https:\/\/szigja.hu\/2021\/wp-json\/wp\/v2\/comments?post=6583"}],"version-history":[{"count":3,"href":"https:\/\/szigja.hu\/2021\/wp-json\/wp\/v2\/posts\/6583\/revisions"}],"predecessor-version":[{"id":6594,"href":"https:\/\/szigja.hu\/2021\/wp-json\/wp\/v2\/posts\/6583\/revisions\/6594"}],"wp:attachment":[{"href":"https:\/\/szigja.hu\/2021\/wp-json\/wp\/v2\/media?parent=6583"}],"wp:term":[{"taxonomy":"category","embeddable":true,"href":"https:\/\/szigja.hu\/2021\/wp-json\/wp\/v2\/categories?post=6583"},{"taxonomy":"post_tag","embeddable":true,"href":"https:\/\/szigja.hu\/2021\/wp-json\/wp\/v2\/tags?post=6583"}],"curies":[{"name":"wp","href":"https:\/\/api.w.org\/{rel}","templated":true}]}}