{"id":6600,"date":"2017-12-07T15:37:10","date_gmt":"2017-12-07T14:37:10","guid":{"rendered":"http:\/\/szigja.hu\/?p=6600"},"modified":"2018-02-07T17:13:22","modified_gmt":"2018-02-07T16:13:22","slug":"gyertyagyujtas-a-radnotiban","status":"publish","type":"post","link":"https:\/\/szigja.hu\/2021\/2017\/12\/07\/gyertyagyujtas-a-radnotiban\/","title":{"rendered":"Gyertyagy\u00fajt\u00e1s a Radn\u00f3tiban"},"content":{"rendered":"<p>Egy kedves, sz\u00ednvonalas m\u0171sornak lehett\u00fcnk ma szemtan\u00fai az iskol\u00e1nk<br \/>\naul\u00e1j\u00e1ban.<!--more--><\/p>\n<p>A 3.a oszt\u00e1ly Tihanyi Anita \u00e9s G\u00e1lfi J\u00f3zsefn\u00e9 vezt\u00e9s\u00e9vel kar\u00e1csonyi verseken, dalokon kereszt\u00fcl \u00e9rz\u00e9keltette vel\u00fcnk, hogy elkezd\u0151d\u00f6tt a kar\u00e1csonyi v\u00e1rakoz\u00e1s, azaz advent id\u0151szaka. A m\u0171sor v\u00e9g\u00e9re a gyerekekb\u0151l kirajzol\u00f3dni l\u00e1tsz\u00f3 feny\u0151fa, a kez\u00fckben l\u00e9v\u0151 m\u00e9csesek m\u00e9g meghittebb\u00e9 tett\u00e9k az els\u0151 gyertyagy\u00fajt\u00e1st.<\/p>\n<p>Az adventi koszor\u00fa els\u0151 gyerty\u00e1j\u00e1t iskol\u00e1nk igazgat\u00f3n\u0151je, Szab\u00f3 L\u00eddia gy\u00fajtotta meg.<\/p>\n<p>K\u00f6sz\u00f6nj\u00fck sz\u00e9pen mindenkinek!<\/p>\n<p>[ngg_images source=&#8221;galleries&#8221; container_ids=&#8221;42&#8243; display_type=&#8221;photocrati-nextgen_basic_thumbnails&#8221; override_thumbnail_settings=&#8221;1&#8243; thumbnail_width=&#8221;230&#8243; thumbnail_height=&#8221;170&#8243; thumbnail_crop=&#8221;1&#8243; images_per_page=&#8221;50&#8243; number_of_columns=&#8221;0&#8243; ajax_pagination=&#8221;1&#8243; show_all_in_lightbox=&#8221;0&#8243; use_imagebrowser_effect=&#8221;0&#8243; show_slideshow_link=&#8221;1&#8243; slideshow_link_text=&#8221;Diavet\u00edt\u00e9s ind\u00edt\u00e1sa&#8221; order_by=&#8221;sortorder&#8221; order_direction=&#8221;ASC&#8221; returns=&#8221;included&#8221; maximum_entity_count=&#8221;500&#8243;]<\/p>\n","protected":false},"excerpt":{"rendered":"<p>Egy kedves, sz\u00ednvonalas m\u0171sornak lehett\u00fcnk ma szemtan\u00fai az iskol\u00e1nk aul\u00e1j\u00e1ban.<\/p>\n","protected":false},"author":4,"featured_media":0,"comment_status":"closed","ping_status":"closed","sticky":false,"template":"","format":"standard","meta":{"_et_pb_use_builder":"","_et_pb_old_content":"","_et_gb_content_width":"","cybocfi_hide_featured_image":"","footnotes":""},"categories":[],"tags":[],"class_list":["post-6600","post","type-post","status-publish","format-standard","hentry"],"jetpack_featured_media_url":"","_links":{"self":[{"href":"https:\/\/szigja.hu\/2021\/wp-json\/wp\/v2\/posts\/6600","targetHints":{"allow":["GET"]}}],"collection":[{"href":"https:\/\/szigja.hu\/2021\/wp-json\/wp\/v2\/posts"}],"about":[{"href":"https:\/\/szigja.hu\/2021\/wp-json\/wp\/v2\/types\/post"}],"author":[{"embeddable":true,"href":"https:\/\/szigja.hu\/2021\/wp-json\/wp\/v2\/users\/4"}],"replies":[{"embeddable":true,"href":"https:\/\/szigja.hu\/2021\/wp-json\/wp\/v2\/comments?post=6600"}],"version-history":[{"count":1,"href":"https:\/\/szigja.hu\/2021\/wp-json\/wp\/v2\/posts\/6600\/revisions"}],"predecessor-version":[{"id":6608,"href":"https:\/\/szigja.hu\/2021\/wp-json\/wp\/v2\/posts\/6600\/revisions\/6608"}],"wp:attachment":[{"href":"https:\/\/szigja.hu\/2021\/wp-json\/wp\/v2\/media?parent=6600"}],"wp:term":[{"taxonomy":"category","embeddable":true,"href":"https:\/\/szigja.hu\/2021\/wp-json\/wp\/v2\/categories?post=6600"},{"taxonomy":"post_tag","embeddable":true,"href":"https:\/\/szigja.hu\/2021\/wp-json\/wp\/v2\/tags?post=6600"}],"curies":[{"name":"wp","href":"https:\/\/api.w.org\/{rel}","templated":true}]}}