{"id":6643,"date":"2017-12-07T16:49:04","date_gmt":"2017-12-07T15:49:04","guid":{"rendered":"http:\/\/szigja.hu\/?p=6643"},"modified":"2018-02-07T17:13:32","modified_gmt":"2018-02-07T16:13:32","slug":"nalunk-is-jart-a-mikulas","status":"publish","type":"post","link":"https:\/\/szigja.hu\/2021\/2017\/12\/07\/nalunk-is-jart-a-mikulas\/","title":{"rendered":"N\u00e1lunk is j\u00e1rt a Mikul\u00e1s!"},"content":{"rendered":"<p>Mint minden \u00e9vben, most is ell\u00e1togatott a J\u00f3zsef Attila \u00c1ltal\u00e1nos Iskol\u00e1ba a Mikul\u00e1s.<!--more--><\/p>\n<p>A 3.c oszt\u00e1ly tanul\u00f3i Hercegh Anita tan\u00edt\u00f3 n\u00e9ni vezet\u00e9s\u00e9vel kedves, vid\u00e1m m\u0171sorral k\u00e9sz\u00fcltek a Mikul\u00e1s fogad\u00e1s\u00e1ra. Amikor meg\u00e9rkezett a Mikul\u00e1s, mindenkihez volt n\u00e9h\u00e1ny j\u00f3 szava. \u00d6r\u00f6mmel fogadta a gyerekek dalait, verseit \u00e9s term\u00e9szetesen aj\u00e1nd\u00e9kokat is hozott, melyeknek a terembe visszat\u00e9rve \u00f6r\u00fcltek a gyerekek.<\/p>\n<p>[ngg_images source=&#8221;galleries&#8221; container_ids=&#8221;43&#8243; display_type=&#8221;photocrati-nextgen_basic_thumbnails&#8221; override_thumbnail_settings=&#8221;1&#8243; thumbnail_width=&#8221;230&#8243; thumbnail_height=&#8221;170&#8243; thumbnail_crop=&#8221;1&#8243; images_per_page=&#8221;50&#8243; number_of_columns=&#8221;0&#8243; ajax_pagination=&#8221;1&#8243; show_all_in_lightbox=&#8221;0&#8243; use_imagebrowser_effect=&#8221;0&#8243; show_slideshow_link=&#8221;1&#8243; slideshow_link_text=&#8221;Diavet\u00edt\u00e9s ind\u00edt\u00e1sa&#8221; order_by=&#8221;sortorder&#8221; order_direction=&#8221;ASC&#8221; returns=&#8221;included&#8221; maximum_entity_count=&#8221;500&#8243;]<\/p>\n<p>&nbsp;<\/p>\n<p>A Csokonai utcai \u00e9p\u00fcletr\u0151l sem feledkezett meg a Mikul\u00e1s! A tan\u00edt\u00f3 n\u00e9nik \u00fcnnepi hangulatot var\u00e1zsolva \u00e1trendezt\u00e9k a tan\u00e1ri szob\u00e1t, a falakat a gyerekek leveleivel \u00e9s rajzaival bor\u00edtott\u00e1k be. Itt v\u00e1rta a Mikul\u00e1s a gyerekeket, valamennyi oszt\u00e1ly dallal \u00e9s verssel k\u00e9sz\u00fclt neki. A gyerekek nagyon \u00f6r\u00fcltek az aj\u00e1nd\u00e9kcsomagoknak.<\/p>\n<p>[ngg_images source=&#8221;galleries&#8221; container_ids=&#8221;45&#8243; display_type=&#8221;photocrati-nextgen_basic_thumbnails&#8221; override_thumbnail_settings=&#8221;1&#8243; thumbnail_width=&#8221;230&#8243; thumbnail_height=&#8221;170&#8243; thumbnail_crop=&#8221;1&#8243; images_per_page=&#8221;50&#8243; number_of_columns=&#8221;0&#8243; ajax_pagination=&#8221;1&#8243; show_all_in_lightbox=&#8221;0&#8243; use_imagebrowser_effect=&#8221;0&#8243; show_slideshow_link=&#8221;1&#8243; slideshow_link_text=&#8221;Diavet\u00edt\u00e9s ind\u00edt\u00e1sa&#8221; order_by=&#8221;sortorder&#8221; order_direction=&#8221;ASC&#8221; returns=&#8221;included&#8221; maximum_entity_count=&#8221;500&#8243;]<\/p>\n<p>&nbsp;<\/p>\n<p>Kedves Mikul\u00e1s! Tal\u00e1lkozzunk j\u00f6v\u0151re is!<\/p>\n<p>&nbsp;<\/p>\n","protected":false},"excerpt":{"rendered":"<p>Mint minden \u00e9vben, most is ell\u00e1togatott a J\u00f3zsef Attila \u00c1ltal\u00e1nos Iskol\u00e1ba a Mikul\u00e1s.<\/p>\n","protected":false},"author":6,"featured_media":0,"comment_status":"closed","ping_status":"closed","sticky":false,"template":"","format":"standard","meta":{"_et_pb_use_builder":"","_et_pb_old_content":"","_et_gb_content_width":"","cybocfi_hide_featured_image":"","footnotes":""},"categories":[],"tags":[],"class_list":["post-6643","post","type-post","status-publish","format-standard","hentry"],"jetpack_featured_media_url":"","_links":{"self":[{"href":"https:\/\/szigja.hu\/2021\/wp-json\/wp\/v2\/posts\/6643","targetHints":{"allow":["GET"]}}],"collection":[{"href":"https:\/\/szigja.hu\/2021\/wp-json\/wp\/v2\/posts"}],"about":[{"href":"https:\/\/szigja.hu\/2021\/wp-json\/wp\/v2\/types\/post"}],"author":[{"embeddable":true,"href":"https:\/\/szigja.hu\/2021\/wp-json\/wp\/v2\/users\/6"}],"replies":[{"embeddable":true,"href":"https:\/\/szigja.hu\/2021\/wp-json\/wp\/v2\/comments?post=6643"}],"version-history":[{"count":4,"href":"https:\/\/szigja.hu\/2021\/wp-json\/wp\/v2\/posts\/6643\/revisions"}],"predecessor-version":[{"id":6778,"href":"https:\/\/szigja.hu\/2021\/wp-json\/wp\/v2\/posts\/6643\/revisions\/6778"}],"wp:attachment":[{"href":"https:\/\/szigja.hu\/2021\/wp-json\/wp\/v2\/media?parent=6643"}],"wp:term":[{"taxonomy":"category","embeddable":true,"href":"https:\/\/szigja.hu\/2021\/wp-json\/wp\/v2\/categories?post=6643"},{"taxonomy":"post_tag","embeddable":true,"href":"https:\/\/szigja.hu\/2021\/wp-json\/wp\/v2\/tags?post=6643"}],"curies":[{"name":"wp","href":"https:\/\/api.w.org\/{rel}","templated":true}]}}