{"id":7107,"date":"2017-12-18T16:35:15","date_gmt":"2017-12-18T15:35:15","guid":{"rendered":"http:\/\/szigja.hu\/?p=7107"},"modified":"2018-01-04T22:22:32","modified_gmt":"2018-01-04T21:22:32","slug":"tajekoztato-a-teli-szunetben-biztositott-szunidei-gyermeketkeztetesrol","status":"publish","type":"post","link":"https:\/\/szigja.hu\/2021\/2017\/12\/18\/tajekoztato-a-teli-szunetben-biztositott-szunidei-gyermeketkeztetesrol\/","title":{"rendered":"T\u00e1j\u00e9koztat\u00f3 a t\u00e9li sz\u00fcnetben biztos\u00edtott sz\u00fcnidei gyermek\u00e9tkeztet\u00e9sr\u0151l"},"content":{"rendered":"<p>A gyermekek v\u00e9delm\u00e9r\u0151l \u00e9s a gy\u00e1m\u00fcgyi igazgat\u00e1sr\u00f3l sz\u00f3l\u00f3 1997. \u00e9vi XXXI. t\u00f6rv\u00e9ny 2016. janu\u00e1r 1-j\u00e9vel bevezette a sz\u00fcnidei gyermek\u00e9tkeztet\u00e9st, mint \u00faj term\u00e9szetbeni ell\u00e1t\u00e1st.<!--more--><\/p>\n<p>Sz\u00fcnidei gyermek\u00e9tkeztet\u00e9s keret\u00e9ben a d\u00e9li meleg f\u0151\u00e9tkez\u00e9st a sz\u00fcl\u0151, t\u00f6rv\u00e9nyes k\u00e9pvisel\u0151 k\u00e9relm\u00e9re minden telep\u00fcl\u00e9si \u00f6nkorm\u00e1nyzat k\u00f6teles biztos\u00edtani a h\u00e1tr\u00e1nyos helyzet\u0171, \u00e9s a rendszeres gyermekv\u00e9delmi kedvezm\u00e9nyben r\u00e9szes\u00fcl\u0151 halmozottan h\u00e1tr\u00e1nyos helyzet\u0171 gyermek r\u00e9sz\u00e9re.<\/p>\n<p>A 2017\/2018. tan\u00e9vben, a t\u00e9li sz\u00fcnet id\u0151szak\u00e1ban n\u00e9gy munkanapra biztos\u00edtja az \u00f6nkorm\u00e1nyzat a fenti ell\u00e1t\u00e1st.<\/p>\n<p>R\u00e9szletek a mell\u00e9kelt t\u00e1j\u00e9koztat\u00f3ban al\u00e1bb.<\/p>\n<p style=\"text-align: center;\">[maxbutton id=&#8221;1&#8243; url=&#8221;http:\/\/szigja.hu\/wp-content\/uploads\/2017\/12\/SKM_22717121813270.pdf&#8221; text=&#8221;T\u00e1j\u00e9koztat\u00f3 let\u00f6lt\u00e9se&#8221; ]<\/p>\n","protected":false},"excerpt":{"rendered":"<p>A gyermekek v\u00e9delm\u00e9r\u0151l \u00e9s a gy\u00e1m\u00fcgyi igazgat\u00e1sr\u00f3l sz\u00f3l\u00f3 1997. \u00e9vi XXXI. t\u00f6rv\u00e9ny 2016. janu\u00e1r 1-j\u00e9vel bevezette a sz\u00fcnidei gyermek\u00e9tkeztet\u00e9st, mint \u00faj term\u00e9szetbeni ell\u00e1t\u00e1st.<\/p>\n","protected":false},"author":4,"featured_media":0,"comment_status":"closed","ping_status":"closed","sticky":false,"template":"","format":"standard","meta":{"_et_pb_use_builder":"","_et_pb_old_content":"","_et_gb_content_width":"","cybocfi_hide_featured_image":"","footnotes":""},"categories":[],"tags":[],"class_list":["post-7107","post","type-post","status-publish","format-standard","hentry"],"jetpack_featured_media_url":"","_links":{"self":[{"href":"https:\/\/szigja.hu\/2021\/wp-json\/wp\/v2\/posts\/7107","targetHints":{"allow":["GET"]}}],"collection":[{"href":"https:\/\/szigja.hu\/2021\/wp-json\/wp\/v2\/posts"}],"about":[{"href":"https:\/\/szigja.hu\/2021\/wp-json\/wp\/v2\/types\/post"}],"author":[{"embeddable":true,"href":"https:\/\/szigja.hu\/2021\/wp-json\/wp\/v2\/users\/4"}],"replies":[{"embeddable":true,"href":"https:\/\/szigja.hu\/2021\/wp-json\/wp\/v2\/comments?post=7107"}],"version-history":[{"count":3,"href":"https:\/\/szigja.hu\/2021\/wp-json\/wp\/v2\/posts\/7107\/revisions"}],"predecessor-version":[{"id":7111,"href":"https:\/\/szigja.hu\/2021\/wp-json\/wp\/v2\/posts\/7107\/revisions\/7111"}],"wp:attachment":[{"href":"https:\/\/szigja.hu\/2021\/wp-json\/wp\/v2\/media?parent=7107"}],"wp:term":[{"taxonomy":"category","embeddable":true,"href":"https:\/\/szigja.hu\/2021\/wp-json\/wp\/v2\/categories?post=7107"},{"taxonomy":"post_tag","embeddable":true,"href":"https:\/\/szigja.hu\/2021\/wp-json\/wp\/v2\/tags?post=7107"}],"curies":[{"name":"wp","href":"https:\/\/api.w.org\/{rel}","templated":true}]}}