{"id":7548,"date":"2018-01-13T16:36:21","date_gmt":"2018-01-13T15:36:21","guid":{"rendered":"http:\/\/szigja.hu\/?p=7548"},"modified":"2018-01-13T16:36:47","modified_gmt":"2018-01-13T15:36:47","slug":"a-vik-tovabbtanulasi-tajekoztatoja","status":"publish","type":"post","link":"https:\/\/szigja.hu\/2021\/2018\/01\/13\/a-vik-tovabbtanulasi-tajekoztatoja\/","title":{"rendered":"A VIK tov\u00e1bbtanul\u00e1si t\u00e1j\u00e9koztat\u00f3ja"},"content":{"rendered":"<p>Iskol\u00e1nk, a VIK Vend\u00e9gl\u00e1t\u00f3, Turisztikai, Sz\u00e9p\u00e9szeti \u00e9s \u00dczleti Baptista K\u00f6z\u00e9piskola 1996-ban j\u00f6tt l\u00e9tre, sz\u00e9khely\u00fcnk Budapest VII. ker\u00fclet\u00e9ben, a Hern\u00e1d utca 3. sz\u00e1m alatt tal\u00e1lhat\u00f3. A VIK K\u00f6z\u00e9piskola egyik legfontosabb piaci el\u0151nye, hogy j\u00f3l ki\u00e9p\u00edtett \u00e9s folyamatosan b\u0151v\u00fcl\u0151, a szolg\u00e1ltat\u00f3 szektor vezet\u0151 piaci szerepl\u0151it mag\u00e1ba foglal\u00f3 kapcsolati h\u00e1l\u00f3val rendelkezik.<\/p>\n<p>A sz\u00e9ps\u00e9gipar ir\u00e1nt \u00e9rdekl\u0151d\u0151 k\u00f6z\u00e9piskol\u00e1s tanul\u00f3ink szakmai fejl\u0151d\u00e9s\u00e9t magasan k\u00e9pzett, t\u00f6bb \u00e9ves szakmai gyakorlattal, valamint saj\u00e1t \u00fczemeltet\u00e9s\u0171 szalonokkal rendelkez\u0151 szakoktat\u00f3ink biztos\u00edtj\u00e1k. A vend\u00e9gl\u00e1t\u00e1s \u00e9s turisztika ir\u00e1nt \u00e9rdekl\u0151d\u0151k a k\u00f6zismereti k\u00e9pz\u00e9s mellett kit\u0171n\u0151 szem\u00e9lyi \u00e9s t\u00e1rgyi felt\u00e9telek mellett saj\u00e1t\u00edthatj\u00e1k el a szakmai fort\u00e9lyokat. Szak\u00e1cs, pinc\u00e9r, cukr\u00e1sz tanul\u00f3ink Budapest neves \u00e9ttermeiben, sz\u00e1llod\u00e1iban, cukr\u00e1szd\u00e1iban, kereskedelmi egys\u00e9geiben gyakorlatozhatnak.<\/p>\n<p style=\"text-align: center;\">[maxbutton id=&#8221;1&#8243; url=&#8221;http:\/\/szigja.hu\/wp-content\/uploads\/2018\/01\/Felv\u00e9teli-t\u00e1j\u00e9koztat\u00f3-VIK-Vend\u00e9gl\u00e1t\u00f3-Turisztikai-Sz\u00e9p\u00e9szeti-\u00e9s-\u00dczleti-Baptista-K\u00f6z\u00e9piskola-Budapest.pdf&#8221; text=&#8221;T\u00e1j\u00e9koztat\u00f3 let\u00f6lt\u00e9se&#8221; ]<\/p>\n","protected":false},"excerpt":{"rendered":"<p>Iskol\u00e1nk, a VIK Vend\u00e9gl\u00e1t\u00f3, Turisztikai, Sz\u00e9p\u00e9szeti \u00e9s \u00dczleti Baptista K\u00f6z\u00e9piskola 1996-ban j\u00f6tt l\u00e9tre, sz\u00e9khely\u00fcnk Budapest VII. ker\u00fclet\u00e9ben, a Hern\u00e1d utca 3. sz\u00e1m alatt tal\u00e1lhat\u00f3. A VIK K\u00f6z\u00e9piskola egyik legfontosabb piaci [&hellip;]<\/p>\n","protected":false},"author":4,"featured_media":0,"comment_status":"closed","ping_status":"closed","sticky":false,"template":"","format":"standard","meta":{"_et_pb_use_builder":"","_et_pb_old_content":"","_et_gb_content_width":"","cybocfi_hide_featured_image":"","footnotes":""},"categories":[],"tags":[],"class_list":["post-7548","post","type-post","status-publish","format-standard","hentry"],"jetpack_featured_media_url":"","_links":{"self":[{"href":"https:\/\/szigja.hu\/2021\/wp-json\/wp\/v2\/posts\/7548","targetHints":{"allow":["GET"]}}],"collection":[{"href":"https:\/\/szigja.hu\/2021\/wp-json\/wp\/v2\/posts"}],"about":[{"href":"https:\/\/szigja.hu\/2021\/wp-json\/wp\/v2\/types\/post"}],"author":[{"embeddable":true,"href":"https:\/\/szigja.hu\/2021\/wp-json\/wp\/v2\/users\/4"}],"replies":[{"embeddable":true,"href":"https:\/\/szigja.hu\/2021\/wp-json\/wp\/v2\/comments?post=7548"}],"version-history":[{"count":1,"href":"https:\/\/szigja.hu\/2021\/wp-json\/wp\/v2\/posts\/7548\/revisions"}],"predecessor-version":[{"id":7551,"href":"https:\/\/szigja.hu\/2021\/wp-json\/wp\/v2\/posts\/7548\/revisions\/7551"}],"wp:attachment":[{"href":"https:\/\/szigja.hu\/2021\/wp-json\/wp\/v2\/media?parent=7548"}],"wp:term":[{"taxonomy":"category","embeddable":true,"href":"https:\/\/szigja.hu\/2021\/wp-json\/wp\/v2\/categories?post=7548"},{"taxonomy":"post_tag","embeddable":true,"href":"https:\/\/szigja.hu\/2021\/wp-json\/wp\/v2\/tags?post=7548"}],"curies":[{"name":"wp","href":"https:\/\/api.w.org\/{rel}","templated":true}]}}