{"id":7681,"date":"2018-01-29T22:42:06","date_gmt":"2018-01-29T21:42:06","guid":{"rendered":"http:\/\/szigja.hu\/?p=7681"},"modified":"2018-04-25T22:34:17","modified_gmt":"2018-04-25T20:34:17","slug":"himnusz-es-szozatmondo-verseny-szigethalmon","status":"publish","type":"post","link":"https:\/\/szigja.hu\/2021\/2018\/01\/29\/himnusz-es-szozatmondo-verseny-szigethalmon\/","title":{"rendered":"Himnusz- \u00e9s Sz\u00f3zatmond\u00f3 verseny Szigethalmon"},"content":{"rendered":"<p>Janu\u00e1r 22-\u00e9n, a Szigethalmi Szent Istv\u00e1n \u00c1ltal\u00e1nos Iskol\u00e1ban 29. alkalommal megrendez\u00e9sre ker\u00fclt Himnusz- \u00e9s Sz\u00f3zatmond\u00f3 ter\u00fcleti versenyen iskol\u00e1nkb\u00f3l \u00c1goston Laura (8.b) \u00e9s Kulim\u00e1k Gerg\u0151 (5.a) vett r\u00e9szt. Laura 3. helyezett lett, Gerg\u0151 pedig 2. helyez\u00e9st \u00e9rt el.<!--more--><\/p>\n<p>Felk\u00e9sz\u00edt\u0151 tan\u00e1rok: Fancsalin\u00e9 Gere Zsuzsanna \u00e9s Simonn\u00e9 Brosch Anik\u00f3. K\u00f6sz\u00f6nj\u00fck a sz\u00fcl\u0151k \u00e9s Kovalcsik Monika pedag\u00f3giai asszisztens\u00fcnk seg\u00edts\u00e9g\u00e9t.<\/p>\n<p>Gratul\u00e1lunk a gyerekeknek a gy\u00f6ny\u00f6r\u0171 szerepl\u00e9s\u00e9rt \u00e9s az el\u0151kel\u0151 helyez\u00e9sek\u00e9rt!<\/p>\n<p>[ngg_images source=&#8221;galleries&#8221; container_ids=&#8221;65&#8243; display_type=&#8221;photocrati-nextgen_basic_thumbnails&#8221; override_thumbnail_settings=&#8221;1&#8243; thumbnail_width=&#8221;230&#8243; thumbnail_height=&#8221;170&#8243; thumbnail_crop=&#8221;1&#8243; images_per_page=&#8221;50&#8243; number_of_columns=&#8221;0&#8243; ajax_pagination=&#8221;1&#8243; show_all_in_lightbox=&#8221;0&#8243; use_imagebrowser_effect=&#8221;0&#8243; show_slideshow_link=&#8221;0&#8243; slideshow_link_text=&#8221;Diavet\u00edt\u00e9s ind\u00edt\u00e1sa&#8221; order_by=&#8221;sortorder&#8221; order_direction=&#8221;ASC&#8221; returns=&#8221;included&#8221; maximum_entity_count=&#8221;500&#8243;]<\/p>\n","protected":false},"excerpt":{"rendered":"<p>Janu\u00e1r 22-\u00e9n, a Szigethalmi Szent Istv\u00e1n \u00c1ltal\u00e1nos Iskol\u00e1ban 29. alkalommal megrendez\u00e9sre ker\u00fclt Himnusz- \u00e9s Sz\u00f3zatmond\u00f3 ter\u00fcleti versenyen iskol\u00e1nkb\u00f3l \u00c1goston Laura (8.b) \u00e9s Kulim\u00e1k Gerg\u0151 (5.a) vett r\u00e9szt. Laura 3. helyezett [&hellip;]<\/p>\n","protected":false},"author":4,"featured_media":0,"comment_status":"closed","ping_status":"closed","sticky":false,"template":"","format":"standard","meta":{"_et_pb_use_builder":"","_et_pb_old_content":"","_et_gb_content_width":"","cybocfi_hide_featured_image":"","footnotes":""},"categories":[],"tags":[],"class_list":["post-7681","post","type-post","status-publish","format-standard","hentry"],"jetpack_featured_media_url":"","_links":{"self":[{"href":"https:\/\/szigja.hu\/2021\/wp-json\/wp\/v2\/posts\/7681","targetHints":{"allow":["GET"]}}],"collection":[{"href":"https:\/\/szigja.hu\/2021\/wp-json\/wp\/v2\/posts"}],"about":[{"href":"https:\/\/szigja.hu\/2021\/wp-json\/wp\/v2\/types\/post"}],"author":[{"embeddable":true,"href":"https:\/\/szigja.hu\/2021\/wp-json\/wp\/v2\/users\/4"}],"replies":[{"embeddable":true,"href":"https:\/\/szigja.hu\/2021\/wp-json\/wp\/v2\/comments?post=7681"}],"version-history":[{"count":2,"href":"https:\/\/szigja.hu\/2021\/wp-json\/wp\/v2\/posts\/7681\/revisions"}],"predecessor-version":[{"id":7740,"href":"https:\/\/szigja.hu\/2021\/wp-json\/wp\/v2\/posts\/7681\/revisions\/7740"}],"wp:attachment":[{"href":"https:\/\/szigja.hu\/2021\/wp-json\/wp\/v2\/media?parent=7681"}],"wp:term":[{"taxonomy":"category","embeddable":true,"href":"https:\/\/szigja.hu\/2021\/wp-json\/wp\/v2\/categories?post=7681"},{"taxonomy":"post_tag","embeddable":true,"href":"https:\/\/szigja.hu\/2021\/wp-json\/wp\/v2\/tags?post=7681"}],"curies":[{"name":"wp","href":"https:\/\/api.w.org\/{rel}","templated":true}]}}