{"id":7729,"date":"2018-02-06T08:16:30","date_gmt":"2018-02-06T07:16:30","guid":{"rendered":"http:\/\/szigja.hu\/?p=7729"},"modified":"2018-04-25T22:34:31","modified_gmt":"2018-04-25T20:34:31","slug":"tajekoztato-a-leendo-elso-osztalyos-tanulok-szuleinek","status":"publish","type":"post","link":"https:\/\/szigja.hu\/2021\/2018\/02\/06\/tajekoztato-a-leendo-elso-osztalyos-tanulok-szuleinek\/","title":{"rendered":"T\u00e1j\u00e9koztat\u00f3 a leend\u0151 els\u0151 oszt\u00e1lyos tanul\u00f3k sz\u00fcleinek"},"content":{"rendered":"<p>2018. m\u00e1rcius 21-\u00e9n \u00e9s 22-\u00e9n (szerd\u00e1n \u00e9s cs\u00fct\u00f6rt\u00f6k\u00f6n) tartunk t\u00e1j\u00e9koztat\u00f3t a j\u00f6vend\u0151 els\u0151 oszt\u00e1lyos tanul\u00f3k sz\u00fcleinek, a Radn\u00f3ti utcai \u00e9p\u00fcletben, 17 \u00f3rakor.<\/p>\n<p><!--more--><\/p>\n<p>A r\u00e9szv\u00e9tel regisztr\u00e1ci\u00f3hoz k\u00f6t\u00f6tt, hogy megfelel\u0151 sz\u00e1m\u00fa helyet tudjunk biztos\u00edtani \u00d6n\u00f6knek. A beiratkoz\u00e1sn\u00e1l felv\u00e9telt nyert tanul\u00f3k r\u00e9sz\u00e9re egy k\u00e9s\u0151bbi id\u0151pontban biztos\u00edtunk lehet\u0151s\u00e9get arra, hogy leend\u0151 oszt\u00e1lytan\u00edt\u00f3jukkal megismerkedjenek.<\/p>\n<p>Regisztr\u00e1ci\u00f3 itt:<\/p>\n<p><iframe src=\"https:\/\/docs.google.com\/forms\/d\/e\/1FAIpQLSdbRm5qqaYeFQCWR9rGTLXL1lrK1bVcyDAAGSadAQmgw-vcDw\/viewform?embedded=true#start=embed\" width=\"800\" height=\"1300\" frameborder=\"0\" marginwidth=\"0\" marginheight=\"0\">&amp;lt;span data-mce-type=&#8221;bookmark&#8221; style=&#8221;display: inline-block; width: 0px; overflow: hidden; line-height: 0;&#8221; class=&#8221;mce_SELRES_start&#8221;&amp;gt;\ufeff&amp;lt;\/span&amp;gt;Bet\u00f6lt\u00e9s&#8230;<\/iframe><\/p>\n<p>&nbsp;<\/p>\n","protected":false},"excerpt":{"rendered":"<p>2018. m\u00e1rcius 21-\u00e9n \u00e9s 22-\u00e9n (szerd\u00e1n \u00e9s cs\u00fct\u00f6rt\u00f6k\u00f6n) tartunk t\u00e1j\u00e9koztat\u00f3t a j\u00f6vend\u0151 els\u0151 oszt\u00e1lyos tanul\u00f3k sz\u00fcleinek, a Radn\u00f3ti utcai \u00e9p\u00fcletben, 17 \u00f3rakor.<\/p>\n","protected":false},"author":4,"featured_media":0,"comment_status":"closed","ping_status":"closed","sticky":false,"template":"","format":"standard","meta":{"_et_pb_use_builder":"","_et_pb_old_content":"","_et_gb_content_width":"","cybocfi_hide_featured_image":"","footnotes":""},"categories":[],"tags":[],"class_list":["post-7729","post","type-post","status-publish","format-standard","hentry"],"jetpack_featured_media_url":"","_links":{"self":[{"href":"https:\/\/szigja.hu\/2021\/wp-json\/wp\/v2\/posts\/7729","targetHints":{"allow":["GET"]}}],"collection":[{"href":"https:\/\/szigja.hu\/2021\/wp-json\/wp\/v2\/posts"}],"about":[{"href":"https:\/\/szigja.hu\/2021\/wp-json\/wp\/v2\/types\/post"}],"author":[{"embeddable":true,"href":"https:\/\/szigja.hu\/2021\/wp-json\/wp\/v2\/users\/4"}],"replies":[{"embeddable":true,"href":"https:\/\/szigja.hu\/2021\/wp-json\/wp\/v2\/comments?post=7729"}],"version-history":[{"count":4,"href":"https:\/\/szigja.hu\/2021\/wp-json\/wp\/v2\/posts\/7729\/revisions"}],"predecessor-version":[{"id":7893,"href":"https:\/\/szigja.hu\/2021\/wp-json\/wp\/v2\/posts\/7729\/revisions\/7893"}],"wp:attachment":[{"href":"https:\/\/szigja.hu\/2021\/wp-json\/wp\/v2\/media?parent=7729"}],"wp:term":[{"taxonomy":"category","embeddable":true,"href":"https:\/\/szigja.hu\/2021\/wp-json\/wp\/v2\/categories?post=7729"},{"taxonomy":"post_tag","embeddable":true,"href":"https:\/\/szigja.hu\/2021\/wp-json\/wp\/v2\/tags?post=7729"}],"curies":[{"name":"wp","href":"https:\/\/api.w.org\/{rel}","templated":true}]}}