{"id":8778,"date":"2018-03-16T20:16:15","date_gmt":"2018-03-16T19:16:15","guid":{"rendered":"http:\/\/szigja.hu\/?p=8778"},"modified":"2018-03-16T20:16:16","modified_gmt":"2018-03-16T19:16:16","slug":"aquincum-karate-kupa","status":"publish","type":"post","link":"https:\/\/szigja.hu\/2021\/2018\/03\/16\/aquincum-karate-kupa\/","title":{"rendered":"Aquincum Karate Kupa"},"content":{"rendered":"<p>Andris M\u00e1rk, iskol\u00e1nk 3.e oszt\u00e1lyos tanul\u00f3ja ism\u00e9t eredm\u00e9nyesen szerepelt.<!--more--><\/p>\n<p>Andris M\u00e1rk Oliv\u00e9r az iskola 3.e. oszt\u00e1lyos tanul\u00f3ja a 2018. m\u00e1rcius 11-\u00e9n a Budapest III. ker\u00fcleti Aquincum Angol-Magyar K\u00e9t Tan\u00edt\u00e1si Nyelv\u0171 \u00c1ltal\u00e1nos Iskol\u00e1ban megrendezett Aquincum Karate Kup\u00e1n II. helyez\u00e9st \u00e9rt el kata versenysz\u00e1mban.<\/p>\n<p>Gratul\u00e1lunk az el\u00e9rt eredm\u00e9nyhez!<\/p>\n<div class=\"et_pb_slider et_pb_slider_fullwidth_off et_pb_gallery_post_type\">\n\t\t\t\t<div class=\"et_pb_slides\">\n\t\t\t\t\t<div class=\"et_pb_slide\" style=\"background: url(https:\/\/szigja.hu\/wp-content\/uploads\/2018\/03\/28906523_1650381378343233_1686820898_n.jpg);\"><\/div><div class=\"et_pb_slide\" style=\"background: url(https:\/\/szigja.hu\/wp-content\/uploads\/2018\/03\/29004226_1650381225009915_1932824291_n.jpg);\"><\/div>\n\t\t\t\t<\/div>\n\t\t\t<\/div>\n","protected":false},"excerpt":{"rendered":"<p>Andris M\u00e1rk, iskol\u00e1nk 3.e oszt\u00e1lyos tanul\u00f3ja ism\u00e9t eredm\u00e9nyesen szerepelt.<\/p>\n","protected":false},"author":4,"featured_media":0,"comment_status":"closed","ping_status":"closed","sticky":false,"template":"","format":"standard","meta":{"_et_pb_use_builder":"","_et_pb_old_content":"","_et_gb_content_width":"","cybocfi_hide_featured_image":"","footnotes":""},"categories":[],"tags":[],"class_list":["post-8778","post","type-post","status-publish","format-standard","hentry"],"jetpack_featured_media_url":"","_links":{"self":[{"href":"https:\/\/szigja.hu\/2021\/wp-json\/wp\/v2\/posts\/8778","targetHints":{"allow":["GET"]}}],"collection":[{"href":"https:\/\/szigja.hu\/2021\/wp-json\/wp\/v2\/posts"}],"about":[{"href":"https:\/\/szigja.hu\/2021\/wp-json\/wp\/v2\/types\/post"}],"author":[{"embeddable":true,"href":"https:\/\/szigja.hu\/2021\/wp-json\/wp\/v2\/users\/4"}],"replies":[{"embeddable":true,"href":"https:\/\/szigja.hu\/2021\/wp-json\/wp\/v2\/comments?post=8778"}],"version-history":[{"count":1,"href":"https:\/\/szigja.hu\/2021\/wp-json\/wp\/v2\/posts\/8778\/revisions"}],"predecessor-version":[{"id":8781,"href":"https:\/\/szigja.hu\/2021\/wp-json\/wp\/v2\/posts\/8778\/revisions\/8781"}],"wp:attachment":[{"href":"https:\/\/szigja.hu\/2021\/wp-json\/wp\/v2\/media?parent=8778"}],"wp:term":[{"taxonomy":"category","embeddable":true,"href":"https:\/\/szigja.hu\/2021\/wp-json\/wp\/v2\/categories?post=8778"},{"taxonomy":"post_tag","embeddable":true,"href":"https:\/\/szigja.hu\/2021\/wp-json\/wp\/v2\/tags?post=8778"}],"curies":[{"name":"wp","href":"https:\/\/api.w.org\/{rel}","templated":true}]}}