{"id":9386,"date":"2018-04-27T17:17:47","date_gmt":"2018-04-27T15:17:47","guid":{"rendered":"http:\/\/szigja.hu\/?p=9386"},"modified":"2018-04-28T19:20:16","modified_gmt":"2018-04-28T17:20:16","slug":"regionalis-jedlik-anyos-fizikaverseny","status":"publish","type":"post","link":"https:\/\/szigja.hu\/2021\/2018\/04\/27\/regionalis-jedlik-anyos-fizikaverseny\/","title":{"rendered":"Region\u00e1lis Jedlik \u00c1nyos Fizikaverseny"},"content":{"rendered":"<p>Urspringer Frida 4.b oszt\u00e1lyos tanul\u00f3, a febru\u00e1r 28-\u00e1n megrendezett region\u00e1lis Jedlik \u00c1nyos Fizikaversenyen orsz\u00e1gos d\u00f6nt\u0151be jutott.<!--more--><\/p>\n<p>Az orsz\u00e1gos d\u00f6nt\u0151 Ny\u00edregyh\u00e1z\u00e1n ker\u00fclt megrendez\u00e9sre (2018. 04. 20-22.), ahol Frida 4. helyez\u00e9st \u00e9rt el. Felk\u00e9sz\u00edt\u0151 tan\u00e1ra B\u00fclg\u00f6zdi L\u00e1szl\u00f3, a Szigetszentmikl\u00f3si Batthy\u00e1ny K\u00e1zm\u00e9r Gimn\u00e1zium tan\u00e1ra.<\/p>\n<p>Gratul\u00e1lunk a sz\u00e9p eredm\u00e9nyhez!<\/p>\n<div class=\"et_pb_slider et_pb_slider_fullwidth_off et_pb_gallery_post_type\">\n\t\t\t\t<div class=\"et_pb_slides\">\n\t\t\t\t\t<div class=\"et_pb_slide\" style=\"background: url(https:\/\/szigja.hu\/wp-content\/uploads\/2018\/04\/Frida-oklev\u00e9l.jpg);\"><\/div><div class=\"et_pb_slide\" style=\"background: url(https:\/\/szigja.hu\/wp-content\/uploads\/2018\/04\/Frida-\u00e9s-Laci-b\u00e1csi.jpg);\"><\/div>\n\t\t\t\t<\/div>\n\t\t\t<\/div>\n","protected":false},"excerpt":{"rendered":"<p>Urspringer Frida 4.b oszt\u00e1lyos tanul\u00f3, a febru\u00e1r 28-\u00e1n megrendezett region\u00e1lis Jedlik \u00c1nyos Fizikaversenyen orsz\u00e1gos d\u00f6nt\u0151be jutott.<\/p>\n","protected":false},"author":4,"featured_media":0,"comment_status":"closed","ping_status":"closed","sticky":false,"template":"","format":"standard","meta":{"_et_pb_use_builder":"","_et_pb_old_content":"","_et_gb_content_width":"","cybocfi_hide_featured_image":"","footnotes":""},"categories":[],"tags":[],"class_list":["post-9386","post","type-post","status-publish","format-standard","hentry"],"jetpack_featured_media_url":"","_links":{"self":[{"href":"https:\/\/szigja.hu\/2021\/wp-json\/wp\/v2\/posts\/9386","targetHints":{"allow":["GET"]}}],"collection":[{"href":"https:\/\/szigja.hu\/2021\/wp-json\/wp\/v2\/posts"}],"about":[{"href":"https:\/\/szigja.hu\/2021\/wp-json\/wp\/v2\/types\/post"}],"author":[{"embeddable":true,"href":"https:\/\/szigja.hu\/2021\/wp-json\/wp\/v2\/users\/4"}],"replies":[{"embeddable":true,"href":"https:\/\/szigja.hu\/2021\/wp-json\/wp\/v2\/comments?post=9386"}],"version-history":[{"count":2,"href":"https:\/\/szigja.hu\/2021\/wp-json\/wp\/v2\/posts\/9386\/revisions"}],"predecessor-version":[{"id":9390,"href":"https:\/\/szigja.hu\/2021\/wp-json\/wp\/v2\/posts\/9386\/revisions\/9390"}],"wp:attachment":[{"href":"https:\/\/szigja.hu\/2021\/wp-json\/wp\/v2\/media?parent=9386"}],"wp:term":[{"taxonomy":"category","embeddable":true,"href":"https:\/\/szigja.hu\/2021\/wp-json\/wp\/v2\/categories?post=9386"},{"taxonomy":"post_tag","embeddable":true,"href":"https:\/\/szigja.hu\/2021\/wp-json\/wp\/v2\/tags?post=9386"}],"curies":[{"name":"wp","href":"https:\/\/api.w.org\/{rel}","templated":true}]}}