{"id":9406,"date":"2018-05-08T21:23:16","date_gmt":"2018-05-08T19:23:16","guid":{"rendered":"http:\/\/szigja.hu\/?p=9406"},"modified":"2018-05-08T21:40:36","modified_gmt":"2018-05-08T19:40:36","slug":"fenntarthatosagi-temahet-a-felso-tagozaton","status":"publish","type":"post","link":"https:\/\/szigja.hu\/2021\/2018\/05\/08\/fenntarthatosagi-temahet-a-felso-tagozaton\/","title":{"rendered":"Fenntarthat\u00f3s\u00e1gi t\u00e9mah\u00e9t a fels\u0151 tagozaton"},"content":{"rendered":"<p>Iskol\u00e1nk, m\u00e1sodik \u00e9ve csatlakozik a k\u00f6rnyezettudatos gondolkod\u00e1st seg\u00edt\u0151, orsz\u00e1gos, iskolai programsorozathoz.<!--more--><\/p>\n<p>A rendhagy\u00f3 term\u00e9szetismeret \u00f3r\u00e1k mellett, k\u00fcl\u00f6nb\u00f6z\u0151 tan\u00f3r\u00e1n k\u00edv\u00fcli rendezv\u00e9nyeket is szervezt\u00fcnk iskol\u00e1nkban. A programsorozat m\u00e1jus 3-\u00e1n, pap\u00edrgy\u0171jt\u00e9ssel z\u00e1rul.<\/p>\n<p>P\u00e1r fels\u0151s oszt\u00e1ly arra v\u00e1llalkozott, hogy egy als\u00f3s, \u201etestv\u00e9r\u201d oszt\u00e1lynak el\u0151ad\u00e1st vagy foglalkoz\u00e1st tartott egy kiemelt k\u00f6rnyezetv\u00e9delmi t\u00e9m\u00e1ban. &#8230; Mert mutass j\u00f3 p\u00e9ld\u00e1t!<\/p>\n<p><em>\u201eA hullad\u00e9k nem szem\u00e9t, szelekt\u00edven gy\u0171jtve hasznosul \u00e9s megk\u00edm\u00e9li term\u00e9szeti er\u0151forr\u00e1sainkat!\u201d<\/em>&#8230; c\u00edmmel, a gyerekek munk\u00e1ib\u00f3l plak\u00e1tki\u00e1ll\u00edt\u00e1s tekinthet\u0151 meg a nagyiskol\u00e1nk aul\u00e1j\u00e1ban m\u00e1jus 4-ig. A plak\u00e1tp\u00e1ly\u00e1zatra nagyon sok kreat\u00edv, ig\u00e9nyes, sz\u00e9p alkot\u00e1s \u00e9rkezett als\u00f3s \u00e9s a fels\u0151s di\u00e1kjainkt\u00f3l egyar\u00e1nt.<\/p>\n<p>[ngg_images source=&#8221;galleries&#8221; container_ids=&#8221;94&#8243; display_type=&#8221;photocrati-nextgen_basic_thumbnails&#8221; override_thumbnail_settings=&#8221;1&#8243; thumbnail_width=&#8221;230&#8243; thumbnail_height=&#8221;170&#8243; thumbnail_crop=&#8221;1&#8243; images_per_page=&#8221;50&#8243; number_of_columns=&#8221;0&#8243; ajax_pagination=&#8221;1&#8243; show_all_in_lightbox=&#8221;0&#8243; use_imagebrowser_effect=&#8221;0&#8243; show_slideshow_link=&#8221;0&#8243; slideshow_link_text=&#8221;Diavet\u00edt\u00e9s ind\u00edt\u00e1sa&#8221; order_by=&#8221;sortorder&#8221; order_direction=&#8221;ASC&#8221; returns=&#8221;included&#8221; maximum_entity_count=&#8221;500&#8243;]<\/p>\n","protected":false},"excerpt":{"rendered":"<p>Iskol\u00e1nk, m\u00e1sodik \u00e9ve csatlakozik a k\u00f6rnyezettudatos gondolkod\u00e1st seg\u00edt\u0151, orsz\u00e1gos, iskolai programsorozathoz.<\/p>\n","protected":false},"author":4,"featured_media":0,"comment_status":"closed","ping_status":"closed","sticky":false,"template":"","format":"standard","meta":{"_et_pb_use_builder":"","_et_pb_old_content":"","_et_gb_content_width":"","cybocfi_hide_featured_image":"","footnotes":""},"categories":[],"tags":[],"class_list":["post-9406","post","type-post","status-publish","format-standard","hentry"],"jetpack_featured_media_url":"","_links":{"self":[{"href":"https:\/\/szigja.hu\/2021\/wp-json\/wp\/v2\/posts\/9406","targetHints":{"allow":["GET"]}}],"collection":[{"href":"https:\/\/szigja.hu\/2021\/wp-json\/wp\/v2\/posts"}],"about":[{"href":"https:\/\/szigja.hu\/2021\/wp-json\/wp\/v2\/types\/post"}],"author":[{"embeddable":true,"href":"https:\/\/szigja.hu\/2021\/wp-json\/wp\/v2\/users\/4"}],"replies":[{"embeddable":true,"href":"https:\/\/szigja.hu\/2021\/wp-json\/wp\/v2\/comments?post=9406"}],"version-history":[{"count":1,"href":"https:\/\/szigja.hu\/2021\/wp-json\/wp\/v2\/posts\/9406\/revisions"}],"predecessor-version":[{"id":9424,"href":"https:\/\/szigja.hu\/2021\/wp-json\/wp\/v2\/posts\/9406\/revisions\/9424"}],"wp:attachment":[{"href":"https:\/\/szigja.hu\/2021\/wp-json\/wp\/v2\/media?parent=9406"}],"wp:term":[{"taxonomy":"category","embeddable":true,"href":"https:\/\/szigja.hu\/2021\/wp-json\/wp\/v2\/categories?post=9406"},{"taxonomy":"post_tag","embeddable":true,"href":"https:\/\/szigja.hu\/2021\/wp-json\/wp\/v2\/tags?post=9406"}],"curies":[{"name":"wp","href":"https:\/\/api.w.org\/{rel}","templated":true}]}}