{"id":9429,"date":"2018-05-08T21:36:54","date_gmt":"2018-05-08T19:36:54","guid":{"rendered":"http:\/\/szigja.hu\/?p=9429"},"modified":"2018-05-08T21:38:53","modified_gmt":"2018-05-08T19:38:53","slug":"teruleti-vers-es-prozamondo-verseny-a-sargahazban","status":"publish","type":"post","link":"https:\/\/szigja.hu\/2021\/2018\/05\/08\/teruleti-vers-es-prozamondo-verseny-a-sargahazban\/","title":{"rendered":"Ter\u00fcleti vers-\u00e9s pr\u00f3zamond\u00f3 verseny a S\u00e1rgah\u00e1zban"},"content":{"rendered":"<p>A hagyom\u00e1nyokat \u00e1polva id\u00e9n is r\u00e9szt vett\u00fcnk a B\u00edr\u00f3 Lajos \u00c1ltal\u00e1nos Iskola \u00e1ltal szervezett, sz\u00ednvonalas ter\u00fcleti vers-\u00e9s pr\u00f3zamond\u00f3 versenyen, ahol fels\u0151s tanul\u00f3ink ragyog\u00f3an szerepeltek. Sz\u00edvb\u0151l gratul\u00e1lunk nekik!<!--more--><\/p>\n<p>I. helyezett: Kocsis Hanna, 6.c pr\u00f3za<br \/>\nII. helyezett: G\u00e1l B\u00edborka, 5.c vers \u00e9s Pocz\u00f3k Lili\u00e1na, 6.c pr\u00f3za<br \/>\nIII. helyezett: Kulim\u00e1k Gerg\u0151, 5.a pr\u00f3za \u00e9s Illy\u00e9s Patrik, 7.d pr\u00f3za<\/p>\n<p>\u00c1goston Laura \u00e9s Skolnikovics Viktor, 8.b \u00e9s Veres Istv\u00e1n, 5.a eml\u00e9klapot kaptak.<\/p>\n<p>Felk\u00e9sz\u00edt\u0151 tan\u00e1rok:<br \/>\nSimonn\u00e9 Brosch Anik\u00f3, Vadasn\u00e9 Garamv\u00f6lgyi T\u00edmea, Fancsalin\u00e9 Gere Zsuzsanna<\/p>\n<div class=\"et_pb_slider et_pb_slider_fullwidth_off et_pb_gallery_post_type\">\n\t\t\t\t<div class=\"et_pb_slides\">\n\t\t\t\t\t<div class=\"et_pb_slide\" style=\"background: url(https:\/\/szigja.hu\/wp-content\/uploads\/2018\/05\/IMG_20180419_180321.jpg);\"><\/div><div class=\"et_pb_slide\" style=\"background: url(https:\/\/szigja.hu\/wp-content\/uploads\/2018\/05\/IMG_20180419_180945.jpg);\"><\/div><div class=\"et_pb_slide\" style=\"background: url(https:\/\/szigja.hu\/wp-content\/uploads\/2018\/05\/IMG_20180420_120306.jpg);\"><\/div>\n\t\t\t\t<\/div>\n\t\t\t<\/div>\n","protected":false},"excerpt":{"rendered":"<p>A hagyom\u00e1nyokat \u00e1polva id\u00e9n is r\u00e9szt vett\u00fcnk a B\u00edr\u00f3 Lajos \u00c1ltal\u00e1nos Iskola \u00e1ltal szervezett, sz\u00ednvonalas ter\u00fcleti vers-\u00e9s pr\u00f3zamond\u00f3 versenyen, ahol fels\u0151s tanul\u00f3ink ragyog\u00f3an szerepeltek. Sz\u00edvb\u0151l gratul\u00e1lunk nekik!<\/p>\n","protected":false},"author":4,"featured_media":0,"comment_status":"closed","ping_status":"closed","sticky":false,"template":"","format":"standard","meta":{"_et_pb_use_builder":"","_et_pb_old_content":"","_et_gb_content_width":"","cybocfi_hide_featured_image":"","footnotes":""},"categories":[],"tags":[],"class_list":["post-9429","post","type-post","status-publish","format-standard","hentry"],"jetpack_featured_media_url":"","_links":{"self":[{"href":"https:\/\/szigja.hu\/2021\/wp-json\/wp\/v2\/posts\/9429","targetHints":{"allow":["GET"]}}],"collection":[{"href":"https:\/\/szigja.hu\/2021\/wp-json\/wp\/v2\/posts"}],"about":[{"href":"https:\/\/szigja.hu\/2021\/wp-json\/wp\/v2\/types\/post"}],"author":[{"embeddable":true,"href":"https:\/\/szigja.hu\/2021\/wp-json\/wp\/v2\/users\/4"}],"replies":[{"embeddable":true,"href":"https:\/\/szigja.hu\/2021\/wp-json\/wp\/v2\/comments?post=9429"}],"version-history":[{"count":1,"href":"https:\/\/szigja.hu\/2021\/wp-json\/wp\/v2\/posts\/9429\/revisions"}],"predecessor-version":[{"id":9433,"href":"https:\/\/szigja.hu\/2021\/wp-json\/wp\/v2\/posts\/9429\/revisions\/9433"}],"wp:attachment":[{"href":"https:\/\/szigja.hu\/2021\/wp-json\/wp\/v2\/media?parent=9429"}],"wp:term":[{"taxonomy":"category","embeddable":true,"href":"https:\/\/szigja.hu\/2021\/wp-json\/wp\/v2\/categories?post=9429"},{"taxonomy":"post_tag","embeddable":true,"href":"https:\/\/szigja.hu\/2021\/wp-json\/wp\/v2\/tags?post=9429"}],"curies":[{"name":"wp","href":"https:\/\/api.w.org\/{rel}","templated":true}]}}