{"id":9609,"date":"2018-05-17T23:06:37","date_gmt":"2018-05-17T21:06:37","guid":{"rendered":"http:\/\/szigja.hu\/?p=9609"},"modified":"2018-05-17T23:14:43","modified_gmt":"2018-05-17T21:14:43","slug":"elso-helyezes-az-europa-bajnoksagon","status":"publish","type":"post","link":"https:\/\/szigja.hu\/2021\/2018\/05\/17\/elso-helyezes-az-europa-bajnoksagon\/","title":{"rendered":"Els\u0151 helyez\u00e9s az Eur\u00f3pa bajnoks\u00e1gon"},"content":{"rendered":"<p>Csernus T\u00edmea, 3.e oszt\u00e1lyos tanul\u00f3 a Stylers Dance Campany tagjak\u00e9nt 2018. m\u00e1jus 9-11 k\u00f6z\u00f6tt Zagrabban megrendezett Eur\u00f3pa Bajnoks\u00e1gon els\u0151 helyez\u00e9st \u00e9rt el egy\u00e9ni (sz\u00f3l\u00f3) \u00e9s<br \/>\ncsapat produkci\u00f3ban.<\/p>\n<p>Egy\u00e9ni &#8211; Dark Angel<br \/>\nCsapat &#8211; ST Kids<\/p>\n<p>T\u00edmea az iskolai Ki-mit-tud-on is els\u0151 helyez\u00e9st kapott a zs\u0171rit\u0151l.<\/p>\n<div class=\"et_pb_slider et_pb_slider_fullwidth_off et_pb_gallery_post_type\">\n\t\t\t\t<div class=\"et_pb_slides\">\n\t\t\t\t\t<div class=\"et_pb_slide\" style=\"background: url(https:\/\/szigja.hu\/wp-content\/uploads\/2018\/05\/1.jpg);\"><\/div><div class=\"et_pb_slide\" style=\"background: url(https:\/\/szigja.hu\/wp-content\/uploads\/2018\/05\/32222535_1735177319861689_6852531011218046976_n.jpg);\"><\/div><div class=\"et_pb_slide\" style=\"background: url(https:\/\/szigja.hu\/wp-content\/uploads\/2018\/05\/GRR_3869.jpg);\"><\/div>\n\t\t\t\t<\/div>\n\t\t\t<\/div>\n<p>Iskol\u00e1nk 3.b oszt\u00e1lyos tanul\u00f3ja, Pint\u00e9r N\u00f3ri, szint\u00e9n a Stylers Dance Company egyes\u00fclet csapat\u00e1val vett r\u00e9szt az Eur\u00f3pa Bajnoks\u00e1gon. A t\u00e1nccsapat elnyerte az els\u0151 helyez\u00e9st. N\u00f3ri \u00e9s p\u00e1rja, Dani a du\u00f3 kateg\u00f3ri\u00e1ban is els\u0151 helyezett lett&#8230; \u00cdgy tov\u00e1bb jutottak a Mil\u00e1n\u00f3i Vil\u00e1gbajnoks\u00e1gra. Gratul\u00e1lunk ehhez a nagyon sz\u00e9p eredm\u00e9nyhez!<\/p>\n<div class=\"et_pb_slider et_pb_slider_fullwidth_off et_pb_gallery_post_type\">\n\t\t\t\t<div class=\"et_pb_slides\">\n\t\t\t\t\t<div class=\"et_pb_slide\" style=\"background: url(https:\/\/szigja.hu\/wp-content\/uploads\/2018\/05\/IMG-77528beb9f7fcefba87132bc22c0ea30-V.jpg);\"><\/div><div class=\"et_pb_slide\" style=\"background: url(https:\/\/szigja.hu\/wp-content\/uploads\/2018\/05\/20180514_123728.jpg);\"><\/div><div class=\"et_pb_slide\" style=\"background: url(https:\/\/szigja.hu\/wp-content\/uploads\/2018\/05\/20180514_123738.jpg);\"><\/div>\n\t\t\t\t<\/div>\n\t\t\t<\/div>\n","protected":false},"excerpt":{"rendered":"<p>Iskol\u00e1nk tanul\u00f3i els\u0151 helyez\u00e9seket \u00e9rtek el!<\/p>\n","protected":false},"author":4,"featured_media":0,"comment_status":"closed","ping_status":"closed","sticky":false,"template":"","format":"standard","meta":{"_et_pb_use_builder":"","_et_pb_old_content":"","_et_gb_content_width":"","cybocfi_hide_featured_image":"","footnotes":""},"categories":[],"tags":[],"class_list":["post-9609","post","type-post","status-publish","format-standard","hentry"],"jetpack_featured_media_url":"","_links":{"self":[{"href":"https:\/\/szigja.hu\/2021\/wp-json\/wp\/v2\/posts\/9609","targetHints":{"allow":["GET"]}}],"collection":[{"href":"https:\/\/szigja.hu\/2021\/wp-json\/wp\/v2\/posts"}],"about":[{"href":"https:\/\/szigja.hu\/2021\/wp-json\/wp\/v2\/types\/post"}],"author":[{"embeddable":true,"href":"https:\/\/szigja.hu\/2021\/wp-json\/wp\/v2\/users\/4"}],"replies":[{"embeddable":true,"href":"https:\/\/szigja.hu\/2021\/wp-json\/wp\/v2\/comments?post=9609"}],"version-history":[{"count":4,"href":"https:\/\/szigja.hu\/2021\/wp-json\/wp\/v2\/posts\/9609\/revisions"}],"predecessor-version":[{"id":9622,"href":"https:\/\/szigja.hu\/2021\/wp-json\/wp\/v2\/posts\/9609\/revisions\/9622"}],"wp:attachment":[{"href":"https:\/\/szigja.hu\/2021\/wp-json\/wp\/v2\/media?parent=9609"}],"wp:term":[{"taxonomy":"category","embeddable":true,"href":"https:\/\/szigja.hu\/2021\/wp-json\/wp\/v2\/categories?post=9609"},{"taxonomy":"post_tag","embeddable":true,"href":"https:\/\/szigja.hu\/2021\/wp-json\/wp\/v2\/tags?post=9609"}],"curies":[{"name":"wp","href":"https:\/\/api.w.org\/{rel}","templated":true}]}}