{"id":9630,"date":"2018-05-19T15:49:45","date_gmt":"2018-05-19T13:49:45","guid":{"rendered":"http:\/\/szigja.hu\/?p=9630"},"modified":"2018-05-19T15:50:37","modified_gmt":"2018-05-19T13:50:37","slug":"europa-bajnoki-cim-horvatorszagbol","status":"publish","type":"post","link":"https:\/\/szigja.hu\/2021\/2018\/05\/19\/europa-bajnoki-cim-horvatorszagbol\/","title":{"rendered":"Eur\u00f3pa-bajnoki c\u00edm Horv\u00e1torsz\u00e1gb\u00f3l"},"content":{"rendered":"<p>Hal\u00e1sz Dorka 6. f oszt\u00e1lyos tanul\u00f3nk m\u00e1jusban Z\u00e1gr\u00e1bba utazott. Csapat\u00e1val a Ritmuscsapatok Eur\u00f3pa Bajnoks\u00e1g\u00e1n \u2013 nemzetk\u00f6zi t\u00e1ncversenyen vett r\u00e9szt.<!--more--><\/p>\n<p>Hip \u2013Hop t\u00e1nckateg\u00f3ri\u00e1ban a magyar csapat volt a legjobb, \u00edgy Dork\u00e1\u00e9k Eur\u00f3pa -bajnokok lettek.<\/p>\n<p>A produkci\u00f3val kvalifik\u00e1lt\u00e1k magukat a mil\u00e1n\u00f3i vil\u00e1gbajnoks\u00e1gra, amely 2018. okt\u00f3ber 27-\u00e9n \u00e9s 28-\u00e1n ker\u00fcl majd megrendez\u00e9sre.<\/p>\n<p>Gratul\u00e1lunk Dork\u00e1nak \u00e9s csapat\u00e1nak illetve felk\u00e9sz\u00edt\u0151j\u00fcknek: T\u00f3th Krisztin\u00e1nak. Tov\u00e1bbi sikereket k\u00edv\u00e1nunk!<\/p>\n<div class=\"et_pb_slider et_pb_slider_fullwidth_off et_pb_gallery_post_type\">\n\t\t\t\t<div class=\"et_pb_slides\">\n\t\t\t\t\t<div class=\"et_pb_slide\" style=\"background: url(https:\/\/szigja.hu\/wp-content\/uploads\/2018\/05\/32375959_1316515838493314_5679075040335757312_n.jpg);\"><\/div><div class=\"et_pb_slide\" style=\"background: url(https:\/\/szigja.hu\/wp-content\/uploads\/2018\/05\/32709168_1316515951826636_1608394071859003392_n.jpg);\"><\/div><div class=\"et_pb_slide\" style=\"background: url(https:\/\/szigja.hu\/wp-content\/uploads\/2018\/05\/32718516_1316515691826662_8614377465629900800_n.jpg);\"><\/div>\n\t\t\t\t<\/div>\n\t\t\t<\/div>\n","protected":false},"excerpt":{"rendered":"<p>Hal\u00e1sz Dorka 6. f oszt\u00e1lyos tanul\u00f3nk m\u00e1jusban Z\u00e1gr\u00e1bba utazott. Csapat\u00e1val a Ritmuscsapatok Eur\u00f3pa Bajnoks\u00e1g\u00e1n \u2013 nemzetk\u00f6zi t\u00e1ncversenyen vett r\u00e9szt.<\/p>\n","protected":false},"author":4,"featured_media":0,"comment_status":"closed","ping_status":"closed","sticky":false,"template":"","format":"standard","meta":{"_et_pb_use_builder":"","_et_pb_old_content":"","_et_gb_content_width":"","cybocfi_hide_featured_image":"","footnotes":""},"categories":[],"tags":[],"class_list":["post-9630","post","type-post","status-publish","format-standard","hentry"],"jetpack_featured_media_url":"","_links":{"self":[{"href":"https:\/\/szigja.hu\/2021\/wp-json\/wp\/v2\/posts\/9630","targetHints":{"allow":["GET"]}}],"collection":[{"href":"https:\/\/szigja.hu\/2021\/wp-json\/wp\/v2\/posts"}],"about":[{"href":"https:\/\/szigja.hu\/2021\/wp-json\/wp\/v2\/types\/post"}],"author":[{"embeddable":true,"href":"https:\/\/szigja.hu\/2021\/wp-json\/wp\/v2\/users\/4"}],"replies":[{"embeddable":true,"href":"https:\/\/szigja.hu\/2021\/wp-json\/wp\/v2\/comments?post=9630"}],"version-history":[{"count":3,"href":"https:\/\/szigja.hu\/2021\/wp-json\/wp\/v2\/posts\/9630\/revisions"}],"predecessor-version":[{"id":9636,"href":"https:\/\/szigja.hu\/2021\/wp-json\/wp\/v2\/posts\/9630\/revisions\/9636"}],"wp:attachment":[{"href":"https:\/\/szigja.hu\/2021\/wp-json\/wp\/v2\/media?parent=9630"}],"wp:term":[{"taxonomy":"category","embeddable":true,"href":"https:\/\/szigja.hu\/2021\/wp-json\/wp\/v2\/categories?post=9630"},{"taxonomy":"post_tag","embeddable":true,"href":"https:\/\/szigja.hu\/2021\/wp-json\/wp\/v2\/tags?post=9630"}],"curies":[{"name":"wp","href":"https:\/\/api.w.org\/{rel}","templated":true}]}}